{"id":1840,"date":"2026-09-02T11:08:54","date_gmt":"2026-09-02T14:08:54","guid":{"rendered":"https:\/\/vibrasom.tec.br\/blog\/?p=1840"},"modified":"2026-09-02T11:08:55","modified_gmt":"2026-09-02T14:08:55","slug":"ruido-branco-ajuda-no-teste-de-fala","status":"publish","type":"post","link":"https:\/\/vibrasom.tec.br\/blog\/ruido-branco-ajuda-no-teste-de-fala\/","title":{"rendered":"Entenda como o ru\u00eddo branco ajuda no teste de fala (SRT) do AVS-800"},"content":{"rendered":"\n<p class=\"wp-block-paragraph\">O ru\u00eddo branco \u00e9 um recurso utilizado em exames audiol\u00f3gicos para controlar interfer\u00eancias sonoras e realizar o mascaramento quando necess\u00e1rio. Sua aplica\u00e7\u00e3o durante o teste de fala (SRT) e na logoaudiometria contribui para resultados mais confi\u00e1veis, especialmente em pacientes com diferen\u00e7as significativas de audi\u00e7\u00e3o entre os ouvidos ou situa\u00e7\u00f5es que exigem maior isolamento da resposta auditiva.<\/p>\n\n\n\n<p class=\"wp-block-paragraph\">A precis\u00e3o dos exames auditivos depende n\u00e3o apenas da experi\u00eancia do profissional, mas tamb\u00e9m dos recursos oferecidos pelo equipamento. Entre eles, o uso do ru\u00eddo branco representa uma ferramenta importante para garantir que o paciente responda apenas aos est\u00edmulos destinados ao ouvido avaliado.<\/p>\n\n\n\n<p class=\"wp-block-paragraph\">Neste artigo, saiba como o ru\u00eddo branco atua durante o teste SRT, por que ele \u00e9 importante para a logoaudiometria e como o <a href=\"https:\/\/vibrasom.ind.br\/audiometro-avs-800\/\" target=\"_blank\" rel=\"noopener\"><strong>audi\u00f4metro AVS-800<\/strong>,<\/a> da Vibrasom, oferece recursos que contribuem para exames mais seguros, precisos e eficientes.<\/p>\n\n\n\n<p class=\"wp-block-paragraph\">Tenha uma boa leitura!<\/p>\n\n\n\n<div id=\"ez-toc-container\" class=\"ez-toc-v2_0_87 counter-hierarchy ez-toc-counter ez-toc-grey ez-toc-container-direction\">\n<div class=\"ez-toc-title-container\">\n<p class=\"ez-toc-title\" style=\"cursor:inherit\">\u00cdndice<\/p>\n<span class=\"ez-toc-title-toggle\"><a href=\"#\" class=\"ez-toc-pull-right ez-toc-btn ez-toc-btn-xs ez-toc-btn-default ez-toc-toggle\" aria-label=\"Alternar tabela de conte\u00fado\"><span class=\"ez-toc-js-icon-con\"><span class=\"\"><span class=\"eztoc-hide\" style=\"display:none;\">Toggle<\/span><span class=\"ez-toc-icon-toggle-span\"><svg style=\"fill: #999;color:#999\" xmlns=\"http:\/\/www.w3.org\/2000\/svg\" class=\"list-377408\" width=\"20px\" height=\"20px\" viewBox=\"0 0 24 24\" fill=\"none\"><path d=\"M6 6H4v2h2V6zm14 0H8v2h12V6zM4 11h2v2H4v-2zm16 0H8v2h12v-2zM4 16h2v2H4v-2zm16 0H8v2h12v-2z\" fill=\"currentColor\"><\/path><\/svg><svg style=\"fill: #999;color:#999\" class=\"arrow-unsorted-368013\" xmlns=\"http:\/\/www.w3.org\/2000\/svg\" width=\"10px\" height=\"10px\" viewBox=\"0 0 24 24\" version=\"1.2\" baseProfile=\"tiny\"><path d=\"M18.2 9.3l-6.2-6.3-6.2 6.3c-.2.2-.3.4-.3.7s.1.5.3.7c.2.2.4.3.7.3h11c.3 0 .5-.1.7-.3.2-.2.3-.5.3-.7s-.1-.5-.3-.7zM5.8 14.7l6.2 6.3 6.2-6.3c.2-.2.3-.5.3-.7s-.1-.5-.3-.7c-.2-.2-.4-.3-.7-.3h-11c-.3 0-.5.1-.7.3-.2.2-.3.5-.3.7s.1.5.3.7z\"\/><\/svg><\/span><\/span><\/span><\/a><\/span><\/div>\n<nav><ul class='ez-toc-list ez-toc-list-level-1 ' ><li class='ez-toc-page-1 ez-toc-heading-level-2'><a class=\"ez-toc-link ez-toc-heading-1\" href=\"https:\/\/vibrasom.tec.br\/blog\/ruido-branco-ajuda-no-teste-de-fala\/#O_que_e_ruido_branco\" >O que \u00e9 ru\u00eddo branco?<\/a><\/li><li class='ez-toc-page-1 ez-toc-heading-level-2'><a class=\"ez-toc-link ez-toc-heading-2\" href=\"https:\/\/vibrasom.tec.br\/blog\/ruido-branco-ajuda-no-teste-de-fala\/#O_que_e_o_teste_de_fala_SRT\" >O que \u00e9 o teste de fala (SRT)?<\/a><\/li><li class='ez-toc-page-1 ez-toc-heading-level-2'><a class=\"ez-toc-link ez-toc-heading-3\" href=\"https:\/\/vibrasom.tec.br\/blog\/ruido-branco-ajuda-no-teste-de-fala\/#Qual_e_a_relacao_entre_o_ruido_branco_e_o_teste_SRT\" >Qual \u00e9 a rela\u00e7\u00e3o entre o ru\u00eddo branco e o teste SRT?<\/a><\/li><li class='ez-toc-page-1 ez-toc-heading-level-2'><a class=\"ez-toc-link ez-toc-heading-4\" href=\"https:\/\/vibrasom.tec.br\/blog\/ruido-branco-ajuda-no-teste-de-fala\/#Como_o_ruido_branco_contribui_para_a_logoaudiometria\" >Como o ru\u00eddo branco contribui para a logoaudiometria?<\/a><\/li><li class='ez-toc-page-1 ez-toc-heading-level-2'><a class=\"ez-toc-link ez-toc-heading-5\" href=\"https:\/\/vibrasom.tec.br\/blog\/ruido-branco-ajuda-no-teste-de-fala\/#Quando_o_mascaramento_com_ruido_branco_e_indicado\" >Quando o mascaramento com ru\u00eddo branco \u00e9 indicado?<\/a><\/li><li class='ez-toc-page-1 ez-toc-heading-level-2'><a class=\"ez-toc-link ez-toc-heading-6\" href=\"https:\/\/vibrasom.tec.br\/blog\/ruido-branco-ajuda-no-teste-de-fala\/#Como_o_Audiometro_AVS-800_utiliza_o_ruido_branco_nos_testes_de_fala\" >Como o Audi\u00f4metro AVS-800 utiliza o ru\u00eddo branco nos testes de fala?<\/a><ul class='ez-toc-list-level-3' ><li class='ez-toc-heading-level-3'><a class=\"ez-toc-link ez-toc-heading-7\" href=\"https:\/\/vibrasom.tec.br\/blog\/ruido-branco-ajuda-no-teste-de-fala\/#Tecnologia_100_digital_oferece_mais_precisao_aos_exames_audiologicos\" >Tecnologia 100% digital oferece mais precis\u00e3o aos exames audiol\u00f3gicos<\/a><\/li><li class='ez-toc-page-1 ez-toc-heading-level-3'><a class=\"ez-toc-link ez-toc-heading-8\" href=\"https:\/\/vibrasom.tec.br\/blog\/ruido-branco-ajuda-no-teste-de-fala\/#Comunicacao_em_tempo_real_com_o_computador_otimiza_a_rotina_clinica\" >Comunica\u00e7\u00e3o em tempo real com o computador otimiza a rotina cl\u00ednica<\/a><\/li><\/ul><\/li><li class='ez-toc-page-1 ez-toc-heading-level-2'><a class=\"ez-toc-link ez-toc-heading-9\" href=\"https:\/\/vibrasom.tec.br\/blog\/ruido-branco-ajuda-no-teste-de-fala\/#AVS-800_Design_ergonomico_proporciona_mais_conforto_ao_profissional\" >AVS-800: Design ergon\u00f4mico proporciona mais conforto ao profissional<\/a><ul class='ez-toc-list-level-3' ><li class='ez-toc-heading-level-3'><a class=\"ez-toc-link ez-toc-heading-10\" href=\"https:\/\/vibrasom.tec.br\/blog\/ruido-branco-ajuda-no-teste-de-fala\/#Recursos_que_ampliam_as_possibilidades_de_avaliacao_auditiva\" >Recursos que ampliam as possibilidades de avalia\u00e7\u00e3o auditiva<\/a><\/li><\/ul><\/li><li class='ez-toc-page-1 ez-toc-heading-level-2'><a class=\"ez-toc-link ez-toc-heading-11\" href=\"https:\/\/vibrasom.tec.br\/blog\/ruido-branco-ajuda-no-teste-de-fala\/#Quais_profissionais_podem_se_beneficiar_do_AVS-800\" >Quais profissionais podem se beneficiar do AVS-800?<\/a><\/li><li class='ez-toc-page-1 ez-toc-heading-level-2'><a class=\"ez-toc-link ez-toc-heading-12\" href=\"https:\/\/vibrasom.tec.br\/blog\/ruido-branco-ajuda-no-teste-de-fala\/#Por_que_investir_em_um_audiometro_com_recursos_avancados\" >Por que investir em um audi\u00f4metro com recursos avan\u00e7ados?<\/a><\/li><li class='ez-toc-page-1 ez-toc-heading-level-2'><a class=\"ez-toc-link ez-toc-heading-13\" href=\"https:\/\/vibrasom.tec.br\/blog\/ruido-branco-ajuda-no-teste-de-fala\/#6_duvidas_frequentes_sobre_ruido_branco_no_teste_SRT\" >6 d\u00favidas frequentes sobre ru\u00eddo branco no teste SRT<\/a><ul class='ez-toc-list-level-3' ><li class='ez-toc-heading-level-3'><a class=\"ez-toc-link ez-toc-heading-14\" href=\"https:\/\/vibrasom.tec.br\/blog\/ruido-branco-ajuda-no-teste-de-fala\/#1_O_que_e_ruido_branco_na_audiologia\" >1. O que \u00e9 ru\u00eddo branco na audiologia?<\/a><\/li><li class='ez-toc-page-1 ez-toc-heading-level-3'><a class=\"ez-toc-link ez-toc-heading-15\" href=\"https:\/\/vibrasom.tec.br\/blog\/ruido-branco-ajuda-no-teste-de-fala\/#2_O_ruido_branco_e_utilizado_em_todos_os_testes_de_fala\" >2. O ru\u00eddo branco \u00e9 utilizado em todos os testes de fala?<\/a><\/li><li class='ez-toc-page-1 ez-toc-heading-level-3'><a class=\"ez-toc-link ez-toc-heading-16\" href=\"https:\/\/vibrasom.tec.br\/blog\/ruido-branco-ajuda-no-teste-de-fala\/#3_Qual_e_a_diferenca_entre_audiometria_tonal_e_teste_SRT\" >3. Qual \u00e9 a diferen\u00e7a entre audiometria tonal e teste SRT?<\/a><\/li><li class='ez-toc-page-1 ez-toc-heading-level-3'><a class=\"ez-toc-link ez-toc-heading-17\" href=\"https:\/\/vibrasom.tec.br\/blog\/ruido-branco-ajuda-no-teste-de-fala\/#4_O_ruido_branco_melhora_a_precisao_da_logoaudiometria\" >4. O ru\u00eddo branco melhora a precis\u00e3o da logoaudiometria?<\/a><\/li><li class='ez-toc-page-1 ez-toc-heading-level-3'><a class=\"ez-toc-link ez-toc-heading-18\" href=\"https:\/\/vibrasom.tec.br\/blog\/ruido-branco-ajuda-no-teste-de-fala\/#5_Quais_sao_os_diferenciais_do_Audiometro_AVS-800\" >5. Quais s\u00e3o os diferenciais do Audi\u00f4metro AVS-800?<\/a><\/li><li class='ez-toc-page-1 ez-toc-heading-level-3'><a class=\"ez-toc-link ez-toc-heading-19\" href=\"https:\/\/vibrasom.tec.br\/blog\/ruido-branco-ajuda-no-teste-de-fala\/#6_O_Audiometro_AVS-800_pode_ser_utilizado_na_medicina_ocupacional\" >6. O Audi\u00f4metro AVS-800 pode ser utilizado na medicina ocupacional?<\/a><\/li><\/ul><\/li><li class='ez-toc-page-1 ez-toc-heading-level-2'><a class=\"ez-toc-link ez-toc-heading-20\" href=\"https:\/\/vibrasom.tec.br\/blog\/ruido-branco-ajuda-no-teste-de-fala\/#Conheca_o_Audiometro_AVS-800_da_Vibrasom\" >Conhe\u00e7a o Audi\u00f4metro AVS-800 da Vibrasom<\/a><ul class='ez-toc-list-level-3' ><li class='ez-toc-heading-level-3'><a class=\"ez-toc-link ez-toc-heading-21\" href=\"https:\/\/vibrasom.tec.br\/blog\/ruido-branco-ajuda-no-teste-de-fala\/#VIBRASOM_TECNOLOGIA_ACUSTICA\" >VIBRASOM TECNOLOGIA AC\u00daSTICA<\/a><\/li><\/ul><\/li><\/ul><\/nav><\/div>\n<h2 class=\"wp-block-heading\"><span class=\"ez-toc-section\" id=\"O_que_e_ruido_branco\"><\/span><strong>O que \u00e9 ru\u00eddo branco?<\/strong><span class=\"ez-toc-section-end\"><\/span><\/h2>\n\n\n\n<p class=\"wp-block-paragraph\">O ru\u00eddo branco \u00e9 um sinal sonoro formado pela combina\u00e7\u00e3o de frequ\u00eancias distribu\u00eddas de maneira uniforme dentro de uma determinada faixa do espectro aud\u00edvel. Como resultado, ele produz um som cont\u00ednuo e constante, utilizado como refer\u00eancia em diferentes aplica\u00e7\u00f5es da ac\u00fastica e da audiologia.<\/p>\n\n\n\n<p class=\"wp-block-paragraph\">Nos exames auditivos, sua principal fun\u00e7\u00e3o \u00e9 servir como ru\u00eddo de mascaramento. Isso significa que ele impede que um ouvido participe da resposta quando o objetivo \u00e9 avaliar exclusivamente o outro.<\/p>\n\n\n\n<p class=\"wp-block-paragraph\">Esse recurso evita que o ouvido com melhor audi\u00e7\u00e3o interfira nos resultados, situa\u00e7\u00e3o conhecida como audi\u00e7\u00e3o cruzada. Dessa forma, o profissional consegue obter informa\u00e7\u00f5es mais confi\u00e1veis sobre a capacidade auditiva de cada ouvido separadamente.<\/p>\n\n\n\n<p class=\"wp-block-paragraph\">O mascaramento com ru\u00eddo branco faz parte da rotina em diversos exames audiol\u00f3gicos e representa um procedimento importante para aumentar a confiabilidade dos resultados cl\u00ednicos.<\/p>\n\n\n\n<h2 class=\"wp-block-heading\"><span class=\"ez-toc-section\" id=\"O_que_e_o_teste_de_fala_SRT\"><\/span><strong>O que \u00e9 o teste de fala (SRT)?<\/strong><span class=\"ez-toc-section-end\"><\/span><\/h2>\n\n\n\n<p class=\"wp-block-paragraph\">O Speech Reception Threshold (SRT), conhecido em portugu\u00eas como teste do limiar de recep\u00e7\u00e3o da fala, avalia o menor n\u00edvel de intensidade sonora em que o paciente consegue reconhecer corretamente palavras apresentadas durante o exame.<\/p>\n\n\n\n<p class=\"wp-block-paragraph\">Diferentemente da audiometria tonal, que utiliza tons puros em diferentes frequ\u00eancias, o SRT trabalha com est\u00edmulos de fala. Isso permite identificar a intensidade m\u00ednima necess\u00e1ria para que o indiv\u00edduo compreenda a comunica\u00e7\u00e3o verbal.<\/p>\n\n\n\n<p class=\"wp-block-paragraph\"><strong>O exame auxilia o profissional a:<\/strong><\/p>\n\n\n\n<ul class=\"wp-block-list\">\n<li>Confirmar os resultados obtidos na audiometria tonal;&nbsp;<\/li>\n\n\n\n<li>Avaliar a capacidade de reconhecimento da fala;&nbsp;<\/li>\n\n\n\n<li>Investigar poss\u00edveis altera\u00e7\u00f5es auditivas;&nbsp;<\/li>\n\n\n\n<li>Contribuir para o diagn\u00f3stico audiol\u00f3gico;&nbsp;<\/li>\n\n\n\n<li>Auxiliar na defini\u00e7\u00e3o de condutas cl\u00ednicas.&nbsp;<\/li>\n<\/ul>\n\n\n\n<p class=\"wp-block-paragraph\">O SRT costuma fazer parte da avalia\u00e7\u00e3o audiol\u00f3gica completa, especialmente em cl\u00ednicas de fonoaudiologia, centros de diagn\u00f3stico, hospitais e servi\u00e7os de sa\u00fade ocupacional.<\/p>\n\n\n\n<p class=\"wp-block-paragraph\"><strong>Leia tamb\u00e9m:<\/strong><\/p>\n\n\n\n<ul class=\"wp-block-list\">\n<li><a href=\"https:\/\/vibrasom.ind.br\/blog\/fonoaudiologia-do-trabalho\/\" target=\"_blank\" rel=\"noopener\"><strong>Fonoaudiologia do trabalho: Proteja sua empresa de multas e processos<\/strong><\/a><\/li>\n\n\n\n<li><a href=\"https:\/\/vibrasom.ind.br\/blog\/perda-auditiva-assimetrica\/\" target=\"_blank\" rel=\"noopener\"><strong>AVS-800: Facilita a avalia\u00e7\u00e3o de perda auditiva assim\u00e9trica?<\/strong><\/a><\/li>\n\n\n\n<li><a href=\"https:\/\/vibrasom.ind.br\/blog\/ouvido-doendo-e-entupido\/\" target=\"_blank\" rel=\"noopener\"><strong>Monitore pacientes com ouvido doendo e entupido com o AVS-500<\/strong><\/a><\/li>\n<\/ul>\n\n\n\n<h2 class=\"wp-block-heading\"><span class=\"ez-toc-section\" id=\"Qual_e_a_relacao_entre_o_ruido_branco_e_o_teste_SRT\"><\/span><strong>Qual \u00e9 a rela\u00e7\u00e3o entre o ru\u00eddo branco e o teste SRT?<\/strong><span class=\"ez-toc-section-end\"><\/span><\/h2>\n\n\n\n<p class=\"wp-block-paragraph\">O ru\u00eddo branco desempenha um papel importante quando existe a possibilidade de um ouvido responder ao est\u00edmulo destinado ao outro.<\/p>\n\n\n\n<p class=\"wp-block-paragraph\">Em algumas situa\u00e7\u00f5es cl\u00ednicas, principalmente quando h\u00e1 perda auditiva assim\u00e9trica ou grande diferen\u00e7a de audi\u00e7\u00e3o entre os ouvidos, o som apresentado pode ser percebido pelo ouvido n\u00e3o avaliado por meio da condu\u00e7\u00e3o \u00f3ssea. Esse fen\u00f4meno pode comprometer a interpreta\u00e7\u00e3o do exame.<\/p>\n\n\n\n<p class=\"wp-block-paragraph\">Nesses casos, o profissional aplica o ru\u00eddo branco no ouvido que n\u00e3o est\u00e1 sendo testado. O mascaramento reduz a chance de respostas incorretas e permite que apenas o ouvido em avalia\u00e7\u00e3o participe efetivamente do exame.<\/p>\n\n\n\n<p class=\"wp-block-paragraph\"><strong>Essa estrat\u00e9gia oferece benef\u00edcios importantes:<\/strong><\/p>\n\n\n\n<ul class=\"wp-block-list\">\n<li>Aumenta a confiabilidade dos resultados;&nbsp;<\/li>\n\n\n\n<li>Reduz a influ\u00eancia da audi\u00e7\u00e3o cruzada;&nbsp;<\/li>\n\n\n\n<li>Melhora a precis\u00e3o da avalia\u00e7\u00e3o de cada ouvido;<\/li>\n\n\n\n<li>Fortalece a consist\u00eancia do diagn\u00f3stico audiol\u00f3gico;&nbsp;<\/li>\n\n\n\n<li>Proporciona maior seguran\u00e7a durante o exame.&nbsp;<\/li>\n<\/ul>\n\n\n\n<p class=\"wp-block-paragraph\">Quando utilizada de forma adequada, essa t\u00e9cnica contribui para que o teste SRT reflita com maior fidelidade a capacidade auditiva real do paciente.<\/p>\n\n\n\n<h2 class=\"wp-block-heading\"><span class=\"ez-toc-section\" id=\"Como_o_ruido_branco_contribui_para_a_logoaudiometria\"><\/span><strong>Como o ru\u00eddo branco contribui para a logoaudiometria?<\/strong><span class=\"ez-toc-section-end\"><\/span><\/h2>\n\n\n\n<p class=\"wp-block-paragraph\">A logoaudiometria re\u00fane testes que avaliam n\u00e3o apenas a percep\u00e7\u00e3o dos sons, mas principalmente a compreens\u00e3o da fala. Essa an\u00e1lise oferece informa\u00e7\u00f5es fundamentais sobre a comunica\u00e7\u00e3o do paciente em situa\u00e7\u00f5es do cotidiano.<\/p>\n\n\n\n<p class=\"wp-block-paragraph\">Durante esses exames, qualquer interfer\u00eancia causada pelo ouvido contralateral pode alterar o resultado. Por esse motivo, o mascaramento com ru\u00eddo branco torna-se um recurso importante em diversas avalia\u00e7\u00f5es.<\/p>\n\n\n\n<p class=\"wp-block-paragraph\"><strong>Entre os principais benef\u00edcios est\u00e3o:<\/strong><\/p>\n\n\n\n<ul class=\"wp-block-list\">\n<li>Maior precis\u00e3o na avalia\u00e7\u00e3o da inteligibilidade da fala;&nbsp;<\/li>\n\n\n\n<li>Isolamento adequado do ouvido testado;&nbsp;<\/li>\n\n\n\n<li>Redu\u00e7\u00e3o de respostas falsas;&nbsp;<\/li>\n\n\n\n<li>Aumento da confiabilidade cl\u00ednica dos resultados;&nbsp;<\/li>\n\n\n\n<li>Apoio ao diagn\u00f3stico diferencial de altera\u00e7\u00f5es auditivas.&nbsp;<\/li>\n<\/ul>\n\n\n\n<p class=\"wp-block-paragraph\">Esses fatores permitem que o profissional tenha uma vis\u00e3o mais precisa sobre a capacidade auditiva do paciente e tome decis\u00f5es cl\u00ednicas com maior seguran\u00e7a.<\/p>\n\n\n\n<h2 class=\"wp-block-heading\"><span class=\"ez-toc-section\" id=\"Quando_o_mascaramento_com_ruido_branco_e_indicado\"><\/span><strong>Quando o mascaramento com ru\u00eddo branco \u00e9 indicado?<\/strong><span class=\"ez-toc-section-end\"><\/span><\/h2>\n\n\n\n<p class=\"wp-block-paragraph\">Nem todo exame exige mascaramento. A decis\u00e3o depende da an\u00e1lise realizada pelo fonoaudi\u00f3logo ou m\u00e9dico respons\u00e1vel, considerando os resultados da audiometria e as caracter\u00edsticas auditivas do paciente.<\/p>\n\n\n\n<p class=\"wp-block-paragraph\">De forma geral, o recurso costuma ser indicado quando existe risco de participa\u00e7\u00e3o do ouvido oposto na resposta do exame.<\/p>\n\n\n\n<p class=\"wp-block-paragraph\"><strong>Entre as situa\u00e7\u00f5es mais comuns est\u00e3o:<\/strong><\/p>\n\n\n\n<ul class=\"wp-block-list\">\n<li><a href=\"https:\/\/vibrasom.ind.br\/blog\/perda-auditiva-assimetrica\/\" target=\"_blank\" rel=\"noopener\">Perdas auditivas assim\u00e9tricas<\/a>;&nbsp;<\/li>\n\n\n\n<li>Diferen\u00e7as significativas entre os limiares dos dois ouvidos;&nbsp;<\/li>\n\n\n\n<li>Avalia\u00e7\u00f5es de <a href=\"https:\/\/vibrasom.ind.br\/blog\/logoaudiometria\/\" target=\"_blank\" rel=\"noopener\">logoaudiometria<\/a> que exigem isolamento auditivo;&nbsp;<\/li>\n\n\n\n<li>Confirma\u00e7\u00e3o dos resultados obtidos na <a href=\"https:\/\/vibrasom.ind.br\/blog\/exame-de-audiometria-tonal\/\" target=\"_blank\" rel=\"noopener\">audiometria tonal<\/a>;<\/li>\n\n\n\n<li>Investiga\u00e7\u00e3o diagn\u00f3stica mais detalhada.&nbsp;<\/li>\n<\/ul>\n\n\n\n<p class=\"wp-block-paragraph\">A correta aplica\u00e7\u00e3o do ru\u00eddo branco aumenta a confiabilidade do exame e reduz a possibilidade de interpreta\u00e7\u00f5es equivocadas.<\/p>\n\n\n\n<h2 class=\"wp-block-heading\"><span class=\"ez-toc-section\" id=\"Como_o_Audiometro_AVS-800_utiliza_o_ruido_branco_nos_testes_de_fala\"><\/span><strong>Como o Audi\u00f4metro AVS-800 utiliza o ru\u00eddo branco nos testes de fala?<\/strong><span class=\"ez-toc-section-end\"><\/span><\/h2>\n\n\n\n<p class=\"wp-block-paragraph\">O uso do ru\u00eddo branco durante a avalia\u00e7\u00e3o auditiva depende tanto da t\u00e9cnica aplicada pelo profissional quanto da qualidade dos recursos dispon\u00edveis no equipamento. Um audi\u00f4metro desenvolvido para oferecer precis\u00e3o na emiss\u00e3o dos est\u00edmulos sonoros proporciona maior confiabilidade durante todo o exame.<\/p>\n\n\n\n<p class=\"wp-block-paragraph\">O <a href=\"https:\/\/vibrasom.ind.br\/audiometro-avs-800\/\" target=\"_blank\" rel=\"noopener\"><strong>Audi\u00f4metro AVS-800<\/strong><\/a>, desenvolvido pela Vibrasom, foi projetado para atender \u00e0s necessidades de cl\u00ednicas de fonoaudiologia, hospitais, centros de diagn\u00f3stico e servi\u00e7os de sa\u00fade ocupacional que buscam efici\u00eancia, precis\u00e3o e praticidade na rotina de avalia\u00e7\u00f5es auditivas.<\/p>\n\n\n\n<p class=\"wp-block-paragraph\">Sua tecnologia <strong>100% digital<\/strong> garante elevada estabilidade na gera\u00e7\u00e3o dos sinais, fator que contribui para a fidelidade dos est\u00edmulos utilizados tanto na audiometria tonal quanto nos testes de fala, incluindo o SRT e a logoaudiometria.<\/p>\n\n\n\n<p class=\"wp-block-paragraph\">Quando o profissional precisa utilizar o mascaramento com ru\u00eddo branco, contar com um equipamento de alta precis\u00e3o faz diferen\u00e7a para que os est\u00edmulos sejam apresentados conforme os par\u00e2metros definidos durante o exame.<\/p>\n\n\n\n<h3 class=\"wp-block-heading\"><span class=\"ez-toc-section\" id=\"Tecnologia_100_digital_oferece_mais_precisao_aos_exames_audiologicos\"><\/span><strong>Tecnologia 100% digital oferece mais precis\u00e3o aos exames audiol\u00f3gicos<\/strong><span class=\"ez-toc-section-end\"><\/span><\/h3>\n\n\n\n<p class=\"wp-block-paragraph\">Um dos principais diferenciais do Audi\u00f4metro AVS-800 \u00e9 sua gera\u00e7\u00e3o de sinal totalmente digital. Enquanto muitos audi\u00f4metros utilizam sistemas anal\u00f3gicos ou h\u00edbridos, o <a href=\"https:\/\/vibrasom.ind.br\/blog\/testes-com-comunicacao-digital-e-software\/\" target=\"_blank\" rel=\"noopener\">AVS-800<\/a> realiza toda a gera\u00e7\u00e3o dos est\u00edmulos em ambiente digital. Essa caracter\u00edstica reduz significativamente a possibilidade de varia\u00e7\u00f5es que possam comprometer a qualidade do exame.<\/p>\n\n\n\n<p class=\"wp-block-paragraph\"><strong>Na pr\u00e1tica, isso representa benef\u00edcios importantes para o profissional, como:<\/strong><\/p>\n\n\n\n<ul class=\"wp-block-list\">\n<li>Maior estabilidade dos sinais apresentados ao paciente;&nbsp;<\/li>\n\n\n\n<li>Elevada precis\u00e3o durante os testes audiom\u00e9tricos;&nbsp;<\/li>\n\n\n\n<li>Calibra\u00e7\u00e3o mais simples e confi\u00e1vel;&nbsp;<\/li>\n\n\n\n<li>Menor possibilidade de altera\u00e7\u00f5es relacionadas ao equipamento;&nbsp;<\/li>\n\n\n\n<li>Mais seguran\u00e7a na rotina cl\u00ednica.&nbsp;<\/li>\n<\/ul>\n\n\n\n<p class=\"wp-block-paragraph\">Esses fatores contribuem para que o mascaramento com ru\u00eddo branco e os demais est\u00edmulos sonoros sejam reproduzidos com alto n\u00edvel de fidelidade.<\/p>\n\n\n\n<h3 class=\"wp-block-heading\"><span class=\"ez-toc-section\" id=\"Comunicacao_em_tempo_real_com_o_computador_otimiza_a_rotina_clinica\"><\/span><strong>Comunica\u00e7\u00e3o em tempo real com o computador otimiza a rotina cl\u00ednica<\/strong><span class=\"ez-toc-section-end\"><\/span><\/h3>\n\n\n\n<p class=\"wp-block-paragraph\">Outro recurso que diferencia o AVS-800 \u00e9 sua comunica\u00e7\u00e3o direta com o computador por meio de software pr\u00f3prio.<\/p>\n\n\n\n<p class=\"wp-block-paragraph\">Durante a realiza\u00e7\u00e3o da audiometria, as informa\u00e7\u00f5es s\u00e3o registradas em tempo real. Dessa forma, o profissional acompanha cada etapa do exame sem necessidade de realizar anota\u00e7\u00f5es manuais para posterior lan\u00e7amento dos dados.<\/p>\n\n\n\n<p class=\"wp-block-paragraph\"><strong>Essa integra\u00e7\u00e3o proporciona diversas vantagens:<\/strong><\/p>\n\n\n\n<ul class=\"wp-block-list\">\n<li>Redu\u00e7\u00e3o do tempo necess\u00e1rio para concluir os exames;&nbsp;<\/li>\n\n\n\n<li>Organiza\u00e7\u00e3o autom\u00e1tica das audiometrias realizadas;&nbsp;<\/li>\n\n\n\n<li>Gerenciamento do banco de dados dos pacientes;&nbsp;<\/li>\n\n\n\n<li>Maior agilidade no acompanhamento da evolu\u00e7\u00e3o cl\u00ednica;&nbsp;<\/li>\n\n\n\n<li>Diminui\u00e7\u00e3o da possibilidade de erros relacionados ao registro das informa\u00e7\u00f5es.&nbsp;<\/li>\n<\/ul>\n\n\n\n<p class=\"wp-block-paragraph\">Al\u00e9m de otimizar a rotina da cl\u00ednica, esse recurso facilita a consulta dos exames sempre que necess\u00e1rio.<\/p>\n\n\n\n<h2 class=\"wp-block-heading\"><span class=\"ez-toc-section\" id=\"AVS-800_Design_ergonomico_proporciona_mais_conforto_ao_profissional\"><\/span><strong>AVS-800: Design ergon\u00f4mico proporciona mais conforto ao profissional<\/strong><span class=\"ez-toc-section-end\"><\/span><\/h2>\n\n\n\n<p class=\"wp-block-paragraph\">A realiza\u00e7\u00e3o de exames audiol\u00f3gicos exige aten\u00e7\u00e3o constante e movimentos repetitivos ao longo do expediente. Pensando nisso, a Vibrasom desenvolveu um design ergon\u00f4mico exclusivo para o AVS-800.<\/p>\n\n\n\n<p class=\"wp-block-paragraph\">O posicionamento dos comandos permite que o operador mantenha as m\u00e3os apoiadas durante grande parte da avalia\u00e7\u00e3o, reduzindo o esfor\u00e7o f\u00edsico e proporcionando uma opera\u00e7\u00e3o mais confort\u00e1vel.<\/p>\n\n\n\n<p class=\"wp-block-paragraph\"><strong>Entre os benef\u00edcios desse projeto est\u00e3o:<\/strong><\/p>\n\n\n\n<ul class=\"wp-block-list\">\n<li>Melhor ergonomia durante os atendimentos;&nbsp;<\/li>\n\n\n\n<li>Redu\u00e7\u00e3o da fadiga ao longo da jornada;&nbsp;<\/li>\n\n\n\n<li>Menor risco de les\u00f5es por esfor\u00e7os repetitivos;&nbsp;<\/li>\n\n\n\n<li>Acesso r\u00e1pido \u00e0s fun\u00e7\u00f5es do equipamento;&nbsp;<\/li>\n\n\n\n<li>Opera\u00e7\u00e3o mais pr\u00e1tica e intuitiva.&nbsp;<\/li>\n<\/ul>\n\n\n\n<p class=\"wp-block-paragraph\">Outro diferencial \u00e9 o visor de cristal l\u00edquido de ampla visualiza\u00e7\u00e3o, que facilita a leitura das informa\u00e7\u00f5es sem expor os comandos ao paciente.<\/p>\n\n\n\n<h3 class=\"wp-block-heading\"><span class=\"ez-toc-section\" id=\"Recursos_que_ampliam_as_possibilidades_de_avaliacao_auditiva\"><\/span><strong>Recursos que ampliam as possibilidades de avalia\u00e7\u00e3o auditiva<\/strong><span class=\"ez-toc-section-end\"><\/span><\/h3>\n\n\n\n<p class=\"wp-block-paragraph\">Al\u00e9m da utiliza\u00e7\u00e3o do ru\u00eddo branco e dos testes de fala, o audi\u00f4metro AVS-800 re\u00fane fun\u00e7\u00f5es que tornam o equipamento ainda mais vers\u00e1til para diferentes protocolos cl\u00ednicos. Entre seus recursos est\u00e3o:<\/p>\n\n\n\n<ul class=\"wp-block-list\">\n<li>Multifrequ\u00eancia, que permite testar cada ouvido com frequ\u00eancias diferentes;<\/li>\n\n\n\n<li>Fun\u00e7\u00e3o monitor para acompanhamento dos sinais apresentados ao paciente;<\/li>\n\n\n\n<li>Testes supraliminares, como ABLB, SISI, Stenger e Tone Decay;&nbsp;<\/li>\n\n\n\n<li>Opera\u00e7\u00e3o em dois canais para maior flexibilidade durante os exames.&nbsp;<\/li>\n<\/ul>\n\n\n\n<p class=\"wp-block-paragraph\">Essas funcionalidades permitem que cl\u00ednicas e profissionais realizem avalia\u00e7\u00f5es auditivas completas utilizando um \u00fanico equipamento.<\/p>\n\n\n\n<h2 class=\"wp-block-heading\"><span class=\"ez-toc-section\" id=\"Quais_profissionais_podem_se_beneficiar_do_AVS-800\"><\/span><strong>Quais profissionais podem se beneficiar do AVS-800?<\/strong><span class=\"ez-toc-section-end\"><\/span><\/h2>\n\n\n\n<p class=\"wp-block-paragraph\">A precis\u00e3o dos exames auditivos influencia diretamente a qualidade do diagn\u00f3stico e das decis\u00f5es cl\u00ednicas. Por isso, investir em um audi\u00f4metro com tecnologia avan\u00e7ada representa um diferencial importante para diversos segmentos da sa\u00fade.<\/p>\n\n\n\n<p class=\"wp-block-paragraph\"><strong>O AVS-800 atende \u00e0s necessidades de:<\/strong><\/p>\n\n\n\n<ul class=\"wp-block-list\">\n<li>Cl\u00ednicas de fonoaudiologia;<\/li>\n\n\n\n<li>Consult\u00f3rios especializados em audiologia;&nbsp;<\/li>\n\n\n\n<li>Hospitais;&nbsp;<\/li>\n\n\n\n<li>Centros de diagn\u00f3stico;&nbsp;<\/li>\n\n\n\n<li>Cl\u00ednicas de medicina ocupacional;&nbsp;<\/li>\n\n\n\n<li>Empresas que realizam exames admissionais, peri\u00f3dicos e demissionais;<\/li>\n\n\n\n<li>Institui\u00e7\u00f5es de ensino e pesquisa.&nbsp;<\/li>\n<\/ul>\n\n\n\n<p class=\"wp-block-paragraph\">Sua combina\u00e7\u00e3o entre tecnologia digital, recursos avan\u00e7ados e facilidade de opera\u00e7\u00e3o torna o equipamento uma solu\u00e7\u00e3o completa para profissionais que buscam precis\u00e3o, confiabilidade e produtividade.<\/p>\n\n\n\n<h2 class=\"wp-block-heading\"><span class=\"ez-toc-section\" id=\"Por_que_investir_em_um_audiometro_com_recursos_avancados\"><\/span><strong>Por que investir em um audi\u00f4metro com recursos avan\u00e7ados?<\/strong><span class=\"ez-toc-section-end\"><\/span><\/h2>\n\n\n\n<p class=\"wp-block-paragraph\">A qualidade do equipamento utilizado impacta diretamente a confiabilidade dos resultados obtidos durante os exames audiol\u00f3gicos.<\/p>\n\n\n\n<p class=\"wp-block-paragraph\">Recursos como gera\u00e7\u00e3o de sinal totalmente digital, comunica\u00e7\u00e3o em tempo real com software, fun\u00e7\u00f5es espec\u00edficas para diferentes protocolos de avalia\u00e7\u00e3o e alta precis\u00e3o na emiss\u00e3o dos est\u00edmulos oferecem mais seguran\u00e7a tanto para o profissional quanto para o paciente.<\/p>\n\n\n\n<p class=\"wp-block-paragraph\">Al\u00e9m disso, um equipamento moderno reduz retrabalhos, otimiza o fluxo de atendimento e contribui para uma rotina cl\u00ednica mais eficiente.<\/p>\n\n\n\n<p class=\"wp-block-paragraph\">Quando essas caracter\u00edsticas se unem \u00e0 utiliza\u00e7\u00e3o correta do ru\u00eddo branco durante o teste SRT e a logoaudiometria, o resultado \u00e9 uma avalia\u00e7\u00e3o auditiva mais precisa, consistente e alinhada \u00e0s necessidades da pr\u00e1tica cl\u00ednica atual.<\/p>\n\n\n\n<h2 class=\"wp-block-heading\"><span class=\"ez-toc-section\" id=\"6_duvidas_frequentes_sobre_ruido_branco_no_teste_SRT\"><\/span><strong>6 d\u00favidas frequentes sobre ru\u00eddo branco no teste SRT<\/strong><span class=\"ez-toc-section-end\"><\/span><\/h2>\n\n\n\n<h3 class=\"wp-block-heading\"><span class=\"ez-toc-section\" id=\"1_O_que_e_ruido_branco_na_audiologia\"><\/span><strong>1. O que \u00e9 ru\u00eddo branco na audiologia?<\/strong><span class=\"ez-toc-section-end\"><\/span><\/h3>\n\n\n\n<p class=\"wp-block-paragraph\">O ru\u00eddo branco \u00e9 um sinal sonoro utilizado como mascaramento durante exames auditivos. Sua principal fun\u00e7\u00e3o \u00e9 impedir que o ouvido n\u00e3o avaliado participe da resposta ao est\u00edmulo, aumentando a confiabilidade dos resultados.<\/p>\n\n\n\n<h3 class=\"wp-block-heading\"><span class=\"ez-toc-section\" id=\"2_O_ruido_branco_e_utilizado_em_todos_os_testes_de_fala\"><\/span><strong>2. O ru\u00eddo branco \u00e9 utilizado em todos os testes de fala?<\/strong><span class=\"ez-toc-section-end\"><\/span><\/h3>\n\n\n\n<p class=\"wp-block-paragraph\">N\u00e3o. O mascaramento com ru\u00eddo branco \u00e9 aplicado quando o profissional identifica a possibilidade de o ouvido contralateral interferir na avalia\u00e7\u00e3o. A necessidade depende das caracter\u00edsticas auditivas do paciente e do protocolo utilizado.<\/p>\n\n\n\n<h3 class=\"wp-block-heading\"><span class=\"ez-toc-section\" id=\"3_Qual_e_a_diferenca_entre_audiometria_tonal_e_teste_SRT\"><\/span><strong>3. Qual \u00e9 a diferen\u00e7a entre audiometria tonal e teste SRT?<\/strong><span class=\"ez-toc-section-end\"><\/span><\/h3>\n\n\n\n<p class=\"wp-block-paragraph\">A audiometria tonal avalia a menor intensidade em que o paciente percebe sons puros em diferentes frequ\u00eancias. J\u00e1 o teste SRT verifica o menor n\u00edvel de intensidade necess\u00e1rio para que a fala seja compreendida corretamente. Os dois exames s\u00e3o complementares e ajudam na constru\u00e7\u00e3o de um diagn\u00f3stico audiol\u00f3gico mais preciso.<\/p>\n\n\n\n<h3 class=\"wp-block-heading\"><span class=\"ez-toc-section\" id=\"4_O_ruido_branco_melhora_a_precisao_da_logoaudiometria\"><\/span><strong>4. O ru\u00eddo branco melhora a precis\u00e3o da logoaudiometria?<\/strong><span class=\"ez-toc-section-end\"><\/span><\/h3>\n\n\n\n<p class=\"wp-block-paragraph\">Sim. Quando utilizado de forma adequada, o ru\u00eddo branco reduz a possibilidade de respostas influenciadas pelo ouvido oposto. Isso permite uma avalia\u00e7\u00e3o mais fiel da compreens\u00e3o da fala e aumenta a confiabilidade dos resultados obtidos na logoaudiometria.<\/p>\n\n\n\n<h3 class=\"wp-block-heading\"><span class=\"ez-toc-section\" id=\"5_Quais_sao_os_diferenciais_do_Audiometro_AVS-800\"><\/span><strong>5. Quais s\u00e3o os diferenciais do Audi\u00f4metro AVS-800?<\/strong><span class=\"ez-toc-section-end\"><\/span><\/h3>\n\n\n\n<p class=\"wp-block-paragraph\">O Audi\u00f4metro AVS-800 se destaca pela gera\u00e7\u00e3o de sinal 100% digital, comunica\u00e7\u00e3o em tempo real com computador, software dedicado, opera\u00e7\u00e3o em dois canais, design ergon\u00f4mico, multifrequ\u00eancia, fun\u00e7\u00e3o monitor e suporte para testes supralimiares. Esses recursos tornam o equipamento uma solu\u00e7\u00e3o completa para avalia\u00e7\u00f5es audiol\u00f3gicas em diferentes ambientes cl\u00ednicos.<\/p>\n\n\n\n<h3 class=\"wp-block-heading\"><span class=\"ez-toc-section\" id=\"6_O_Audiometro_AVS-800_pode_ser_utilizado_na_medicina_ocupacional\"><\/span><strong>6. O Audi\u00f4metro AVS-800 pode ser utilizado na medicina ocupacional?<\/strong><span class=\"ez-toc-section-end\"><\/span><\/h3>\n\n\n\n<p class=\"wp-block-paragraph\">Sim. O equipamento atende \u00e0s necessidades de cl\u00ednicas de medicina ocupacional, empresas, hospitais e consult\u00f3rios especializados que realizam exames admissionais, peri\u00f3dicos, de retorno ao trabalho, mudan\u00e7a de fun\u00e7\u00e3o e demissionais, oferecendo precis\u00e3o e agilidade durante as avalia\u00e7\u00f5es.<\/p>\n\n\n\n<h2 class=\"wp-block-heading\"><span class=\"ez-toc-section\" id=\"Conheca_o_Audiometro_AVS-800_da_Vibrasom\"><\/span><strong>Conhe\u00e7a o Audi\u00f4metro AVS-800 da Vibrasom<\/strong><span class=\"ez-toc-section-end\"><\/span><\/h2>\n\n\n\n<p class=\"wp-block-paragraph\">Se voc\u00ea procura um audi\u00f4metro digital com tecnologia nacional, alta precis\u00e3o e recursos que facilitam a realiza\u00e7\u00e3o de exames audiol\u00f3gicos, o audi\u00f4metro AVS-800 \u00e9 uma excelente escolha para cl\u00ednicas, hospitais e servi\u00e7os de sa\u00fade ocupacional.<\/p>\n\n\n\n<p class=\"wp-block-paragraph\">A equipe da Vibrasom est\u00e1 preparada para apresentar todas as funcionalidades do equipamento, esclarecer d\u00favidas t\u00e9cnicas e indicar a solu\u00e7\u00e3o mais adequada para a realidade da sua institui\u00e7\u00e3o.<\/p>\n\n\n\n<p class=\"wp-block-paragraph\"><strong>Entre em contato!<\/strong><\/p>\n\n\n\n<p class=\"wp-block-paragraph\">Solicite um or\u00e7amento e descubra como o Audi\u00f4metro AVS-800 pode contribuir para avalia\u00e7\u00f5es auditivas mais precisas, eficientes e confi\u00e1veis.<\/p>\n\n\n\n<p class=\"wp-block-paragraph\"><a href=\"https:\/\/vibrasom.ind.br\/contato\/\" target=\"_blank\" rel=\"noopener\"><strong>[Clique aqui e fale conosco]<\/strong><\/a><\/p>\n\n\n\n<h3 class=\"wp-block-heading\"><span class=\"ez-toc-section\" id=\"VIBRASOM_TECNOLOGIA_ACUSTICA\"><\/span><strong>VIBRASOM TECNOLOGIA AC\u00daSTICA<\/strong><span class=\"ez-toc-section-end\"><\/span><\/h3>\n\n\n\n<p class=\"wp-block-paragraph\">11 3506 &#8211; 5087<\/p>\n\n\n\n<p class=\"wp-block-paragraph\">11 9 9967 6973 &#8211; Ac\u00fastica<\/p>\n\n\n\n<p class=\"wp-block-paragraph\">11 9 7107 4218 &#8211; Audiologia<\/p>\n\n\n\n<p class=\"wp-block-paragraph\">E-mail: <a href=\"mailto:vibrasom@vibrasom.ind.br\">vibrasom@vibrasom.tec.br<\/a><\/p>\n\n\n\n<p class=\"wp-block-paragraph\"><strong>Siga nosso Instagram!<\/strong><\/p>\n\n\n\n<p class=\"wp-block-paragraph\"><a href=\"https:\/\/www.instagram.com\/vibrasom\/\" target=\"_blank\" rel=\"noopener\"><strong>Vibrasom<\/strong><\/a><\/p>\n\n\n\n<p class=\"wp-block-paragraph\"><\/p>\n","protected":false},"excerpt":{"rendered":"<p>O ru\u00eddo branco \u00e9 um recurso utilizado em exames audiol\u00f3gicos para controlar interfer\u00eancias sonoras e realizar o mascaramento quando necess\u00e1rio. Sua aplica\u00e7\u00e3o durante o teste de fala (SRT) e na logoaudiometria contribui para resultados mais confi\u00e1veis, especialmente em pacientes com diferen\u00e7as significativas de audi\u00e7\u00e3o entre os ouvidos ou situa\u00e7\u00f5es que exigem maior isolamento da resposta&hellip;&nbsp;<\/p>\n","protected":false},"author":1,"featured_media":1841,"comment_status":"open","ping_status":"open","sticky":false,"template":"","format":"standard","meta":{"neve_meta_sidebar":"","neve_meta_container":"","neve_meta_enable_content_width":"","neve_meta_content_width":0,"neve_meta_title_alignment":"","neve_meta_author_avatar":"","neve_post_elements_order":"","neve_meta_disable_header":"","neve_meta_disable_footer":"","neve_meta_disable_title":"","footnotes":""},"categories":[136],"tags":[63,24,23,42,222,221,156,77,26,7],"class_list":["post-1840","post","type-post","status-publish","format-standard","has-post-thumbnail","hentry","category-audiologia","tag-audicao","tag-audiologia","tag-audiometria","tag-audiometria-ocupacional","tag-audiometro-avs-500-2","tag-avs-500","tag-avs-800","tag-cabines-audiometricas","tag-fonoaudiologia","tag-vibrasom"],"_links":{"self":[{"href":"https:\/\/vibrasom.tec.br\/blog\/wp-json\/wp\/v2\/posts\/1840","targetHints":{"allow":["GET"]}}],"collection":[{"href":"https:\/\/vibrasom.tec.br\/blog\/wp-json\/wp\/v2\/posts"}],"about":[{"href":"https:\/\/vibrasom.tec.br\/blog\/wp-json\/wp\/v2\/types\/post"}],"author":[{"embeddable":true,"href":"https:\/\/vibrasom.tec.br\/blog\/wp-json\/wp\/v2\/users\/1"}],"replies":[{"embeddable":true,"href":"https:\/\/vibrasom.tec.br\/blog\/wp-json\/wp\/v2\/comments?post=1840"}],"version-history":[{"count":1,"href":"https:\/\/vibrasom.tec.br\/blog\/wp-json\/wp\/v2\/posts\/1840\/revisions"}],"predecessor-version":[{"id":1842,"href":"https:\/\/vibrasom.tec.br\/blog\/wp-json\/wp\/v2\/posts\/1840\/revisions\/1842"}],"wp:featuredmedia":[{"embeddable":true,"href":"https:\/\/vibrasom.tec.br\/blog\/wp-json\/wp\/v2\/media\/1841"}],"wp:attachment":[{"href":"https:\/\/vibrasom.tec.br\/blog\/wp-json\/wp\/v2\/media?parent=1840"}],"wp:term":[{"taxonomy":"category","embeddable":true,"href":"https:\/\/vibrasom.tec.br\/blog\/wp-json\/wp\/v2\/categories?post=1840"},{"taxonomy":"post_tag","embeddable":true,"href":"https:\/\/vibrasom.tec.br\/blog\/wp-json\/wp\/v2\/tags?post=1840"}],"curies":[{"name":"wp","href":"https:\/\/api.w.org\/{rel}","templated":true}]}}