{"id":1837,"date":"2026-09-01T11:01:05","date_gmt":"2026-09-01T14:01:05","guid":{"rendered":"https:\/\/vibrasom.tec.br\/blog\/?p=1837"},"modified":"2026-09-02T11:04:40","modified_gmt":"2026-09-02T14:04:40","slug":"pericia-fonoaudiologica","status":"publish","type":"post","link":"https:\/\/vibrasom.tec.br\/blog\/pericia-fonoaudiologica\/","title":{"rendered":"Per\u00edcia fonoaudiol\u00f3gica: Calibra\u00e7\u00e3o garante laudos precisos"},"content":{"rendered":"\n<p class=\"wp-block-paragraph\"> per\u00edcia fonoaudiol\u00f3gica depende de resultados audiol\u00f3gicos precisos, e a <a href=\"https:\/\/vibrasom.ind.br\/calibracao-de-audiometros\/\" target=\"_blank\" rel=\"noopener\">calibra\u00e7\u00e3o de audi\u00f4metros<\/a> \u00e9 um dos principais fatores para garantir que os exames apresentem dados confi\u00e1veis. Quando o equipamento n\u00e3o est\u00e1 ajustado conforme os padr\u00f5es t\u00e9cnicos, pequenas altera\u00e7\u00f5es nos n\u00edveis de frequ\u00eancia, intensidade sonora ou resposta dos componentes podem comprometer a interpreta\u00e7\u00e3o dos resultados e afetar a qualidade dos laudos emitidos.<\/p>\n\n\n\n<p class=\"wp-block-paragraph\">Neste artigo especial, entenda a import\u00e2ncia da calibra\u00e7\u00e3o de audi\u00f4metros para avalia\u00e7\u00f5es auditivas confi\u00e1veis, as normas t\u00e9cnicas envolvidas e por que manter os modelos <a href=\"https:\/\/vibrasom.ind.br\/audiometro-avs-500\/\" target=\"_blank\" rel=\"noopener\">AVS-500<\/a> e <a href=\"https:\/\/vibrasom.ind.br\/audiometro-avs-800\/\" target=\"_blank\" rel=\"noopener\">AVS-800<\/a> da Vibrasom calibrados \u00e9 essencial para exames, avalia\u00e7\u00f5es ocupacionais e per\u00edcias.<\/p>\n\n\n\n<p class=\"wp-block-paragraph\">Boa leitura!<\/p>\n\n\n\n<div id=\"ez-toc-container\" class=\"ez-toc-v2_0_87 counter-hierarchy ez-toc-counter ez-toc-grey ez-toc-container-direction\">\n<div class=\"ez-toc-title-container\">\n<p class=\"ez-toc-title\" style=\"cursor:inherit\">\u00cdndice<\/p>\n<span class=\"ez-toc-title-toggle\"><a href=\"#\" class=\"ez-toc-pull-right ez-toc-btn ez-toc-btn-xs ez-toc-btn-default ez-toc-toggle\" aria-label=\"Alternar tabela de conte\u00fado\"><span class=\"ez-toc-js-icon-con\"><span class=\"\"><span class=\"eztoc-hide\" style=\"display:none;\">Toggle<\/span><span class=\"ez-toc-icon-toggle-span\"><svg style=\"fill: #999;color:#999\" xmlns=\"http:\/\/www.w3.org\/2000\/svg\" class=\"list-377408\" width=\"20px\" height=\"20px\" viewBox=\"0 0 24 24\" fill=\"none\"><path d=\"M6 6H4v2h2V6zm14 0H8v2h12V6zM4 11h2v2H4v-2zm16 0H8v2h12v-2zM4 16h2v2H4v-2zm16 0H8v2h12v-2z\" fill=\"currentColor\"><\/path><\/svg><svg style=\"fill: #999;color:#999\" class=\"arrow-unsorted-368013\" xmlns=\"http:\/\/www.w3.org\/2000\/svg\" width=\"10px\" height=\"10px\" viewBox=\"0 0 24 24\" version=\"1.2\" baseProfile=\"tiny\"><path d=\"M18.2 9.3l-6.2-6.3-6.2 6.3c-.2.2-.3.4-.3.7s.1.5.3.7c.2.2.4.3.7.3h11c.3 0 .5-.1.7-.3.2-.2.3-.5.3-.7s-.1-.5-.3-.7zM5.8 14.7l6.2 6.3 6.2-6.3c.2-.2.3-.5.3-.7s-.1-.5-.3-.7c-.2-.2-.4-.3-.7-.3h-11c-.3 0-.5.1-.7.3-.2.2-.3.5-.3.7s.1.5.3.7z\"\/><\/svg><\/span><\/span><\/span><\/a><\/span><\/div>\n<nav><ul class='ez-toc-list ez-toc-list-level-1 ' ><li class='ez-toc-page-1 ez-toc-heading-level-2'><a class=\"ez-toc-link ez-toc-heading-1\" href=\"https:\/\/vibrasom.tec.br\/blog\/pericia-fonoaudiologica\/#Por_que_a_calibracao_de_audiometros_e_essencial_para_uma_pericia_fonoaudiologica_confiavel\" >Por que a calibra\u00e7\u00e3o de audi\u00f4metros \u00e9 essencial para uma per\u00edcia fonoaudiol\u00f3gica confi\u00e1vel?<\/a><\/li><li class='ez-toc-page-1 ez-toc-heading-level-2'><a class=\"ez-toc-link ez-toc-heading-2\" href=\"https:\/\/vibrasom.tec.br\/blog\/pericia-fonoaudiologica\/#Como_um_audiometro_sem_calibracao_adequada_pode_comprometer_um_laudo\" >Como um audi\u00f4metro sem calibra\u00e7\u00e3o adequada pode comprometer um laudo?<\/a><\/li><li class='ez-toc-page-1 ez-toc-heading-level-2'><a class=\"ez-toc-link ez-toc-heading-3\" href=\"https:\/\/vibrasom.tec.br\/blog\/pericia-fonoaudiologica\/#Qual_a_relacao_entre_calibracao_de_audiometros_e_a_confiabilidade_da_pericia_fonoaudiologica\" >Qual a rela\u00e7\u00e3o entre calibra\u00e7\u00e3o de audi\u00f4metros e a confiabilidade da per\u00edcia fonoaudiol\u00f3gica?<\/a><\/li><li class='ez-toc-page-1 ez-toc-heading-level-2'><a class=\"ez-toc-link ez-toc-heading-4\" href=\"https:\/\/vibrasom.tec.br\/blog\/pericia-fonoaudiologica\/#Calibracao_de_audiometros_Quais_normas_garantem_a_precisao_dos_equipamentos\" >Calibra\u00e7\u00e3o de audi\u00f4metros: Quais normas garantem a precis\u00e3o dos equipamentos?<\/a><\/li><li class='ez-toc-page-1 ez-toc-heading-level-2'><a class=\"ez-toc-link ez-toc-heading-5\" href=\"https:\/\/vibrasom.tec.br\/blog\/pericia-fonoaudiologica\/#Quais_verificacoes_sao_realizadas_durante_a_calibracao_de_audiometros\" >Quais verifica\u00e7\u00f5es s\u00e3o realizadas durante a calibra\u00e7\u00e3o de audi\u00f4metros?<\/a><ul class='ez-toc-list-level-3' ><li class='ez-toc-heading-level-3'><a class=\"ez-toc-link ez-toc-heading-6\" href=\"https:\/\/vibrasom.tec.br\/blog\/pericia-fonoaudiologica\/#1_Frequencias_dos_sinais_de_teste\" >1. Frequ\u00eancias dos sinais de teste<\/a><\/li><li class='ez-toc-page-1 ez-toc-heading-level-3'><a class=\"ez-toc-link ez-toc-heading-7\" href=\"https:\/\/vibrasom.tec.br\/blog\/pericia-fonoaudiologica\/#2_Niveis_de_pressao_sonora_produzidos_pelos_fones\" >2. N\u00edveis de press\u00e3o sonora produzidos pelos fones<\/a><\/li><li class='ez-toc-page-1 ez-toc-heading-level-3'><a class=\"ez-toc-link ez-toc-heading-8\" href=\"https:\/\/vibrasom.tec.br\/blog\/pericia-fonoaudiologica\/#3_Niveis_de_forca_vibratoria_produzidos_pelos_vibradores_osseos\" >3. N\u00edveis de for\u00e7a vibrat\u00f3ria produzidos pelos vibradores \u00f3sseos<\/a><\/li><li class='ez-toc-page-1 ez-toc-heading-level-3'><a class=\"ez-toc-link ez-toc-heading-9\" href=\"https:\/\/vibrasom.tec.br\/blog\/pericia-fonoaudiologica\/#4_Niveis_de_ruido_mascarante\" >4. N\u00edveis de ru\u00eddo mascarante<\/a><\/li><li class='ez-toc-page-1 ez-toc-heading-level-3'><a class=\"ez-toc-link ez-toc-heading-10\" href=\"https:\/\/vibrasom.tec.br\/blog\/pericia-fonoaudiologica\/#5_Passos_de_atenuacao\" >5. Passos de atenua\u00e7\u00e3o<\/a><\/li><li class='ez-toc-page-1 ez-toc-heading-level-3'><a class=\"ez-toc-link ez-toc-heading-11\" href=\"https:\/\/vibrasom.tec.br\/blog\/pericia-fonoaudiologica\/#6_Distorcao_harmonica\" >6. Distor\u00e7\u00e3o harm\u00f4nica<\/a><\/li><\/ul><\/li><li class='ez-toc-page-1 ez-toc-heading-level-2'><a class=\"ez-toc-link ez-toc-heading-12\" href=\"https:\/\/vibrasom.tec.br\/blog\/pericia-fonoaudiologica\/#Calibracao_de_audiometros_AVS-500_e_AVS-800_da_Vibrasom\" >Calibra\u00e7\u00e3o de audi\u00f4metros AVS-500 e AVS-800 da Vibrasom<\/a><\/li><li class='ez-toc-page-1 ez-toc-heading-level-2'><a class=\"ez-toc-link ez-toc-heading-13\" href=\"https:\/\/vibrasom.tec.br\/blog\/pericia-fonoaudiologica\/#Quando_o_audiometro_precisa_passar_por_calibracao_ou_reparo\" >Quando o audi\u00f4metro precisa passar por calibra\u00e7\u00e3o ou reparo?<\/a><\/li><li class='ez-toc-page-1 ez-toc-heading-level-2'><a class=\"ez-toc-link ez-toc-heading-14\" href=\"https:\/\/vibrasom.tec.br\/blog\/pericia-fonoaudiologica\/#Como_funciona_o_envio_do_audiometro_para_calibracao\" >Como funciona o envio do audi\u00f4metro para calibra\u00e7\u00e3o?<\/a><ul class='ez-toc-list-level-3' ><li class='ez-toc-heading-level-3'><a class=\"ez-toc-link ez-toc-heading-15\" href=\"https:\/\/vibrasom.tec.br\/blog\/pericia-fonoaudiologica\/#Avaliacao_do_equipamento_e_aprovacao_do_orcamento\" >Avalia\u00e7\u00e3o do equipamento e aprova\u00e7\u00e3o do or\u00e7amento<\/a><\/li><\/ul><\/li><li class='ez-toc-page-1 ez-toc-heading-level-2'><a class=\"ez-toc-link ez-toc-heading-16\" href=\"https:\/\/vibrasom.tec.br\/blog\/pericia-fonoaudiologica\/#Como_preparar_o_audiometro_para_envio_a_Vibrasom\" >Como preparar o audi\u00f4metro para envio \u00e0 Vibrasom?<\/a><\/li><li class='ez-toc-page-1 ez-toc-heading-level-2'><a class=\"ez-toc-link ez-toc-heading-17\" href=\"https:\/\/vibrasom.tec.br\/blog\/pericia-fonoaudiologica\/#Como_funciona_o_retorno_do_audiometro_apos_a_calibracao\" >Como funciona o retorno do audi\u00f4metro ap\u00f3s a calibra\u00e7\u00e3o?<\/a><ul class='ez-toc-list-level-3' ><li class='ez-toc-heading-level-3'><a class=\"ez-toc-link ez-toc-heading-18\" href=\"https:\/\/vibrasom.tec.br\/blog\/pericia-fonoaudiologica\/#Qual_o_prazo_para_realizar_a_calibracao_de_um_audiometro\" >Qual o prazo para realizar a calibra\u00e7\u00e3o de um audi\u00f4metro?<\/a><\/li><\/ul><\/li><li class='ez-toc-page-1 ez-toc-heading-level-2'><a class=\"ez-toc-link ez-toc-heading-19\" href=\"https:\/\/vibrasom.tec.br\/blog\/pericia-fonoaudiologica\/#7_perguntas_frequentes_sobre_pericia_fonoaudiologica_e_calibracao_de_audiometros\" >7 perguntas frequentes sobre per\u00edcia fonoaudiol\u00f3gica e calibra\u00e7\u00e3o de audi\u00f4metros<\/a><ul class='ez-toc-list-level-3' ><li class='ez-toc-heading-level-3'><a class=\"ez-toc-link ez-toc-heading-20\" href=\"https:\/\/vibrasom.tec.br\/blog\/pericia-fonoaudiologica\/#1_O_que_e_calibracao_de_audiometro\" >1. O que \u00e9 calibra\u00e7\u00e3o de audi\u00f4metro?<\/a><\/li><li class='ez-toc-page-1 ez-toc-heading-level-3'><a class=\"ez-toc-link ez-toc-heading-21\" href=\"https:\/\/vibrasom.tec.br\/blog\/pericia-fonoaudiologica\/#2_Por_que_a_calibracao_e_importante_para_uma_pericia_fonoaudiologica\" >2. Por que a calibra\u00e7\u00e3o \u00e9 importante para uma per\u00edcia fonoaudiol\u00f3gica?<\/a><\/li><li class='ez-toc-page-1 ez-toc-heading-level-3'><a class=\"ez-toc-link ez-toc-heading-22\" href=\"https:\/\/vibrasom.tec.br\/blog\/pericia-fonoaudiologica\/#3_Qual_norma_regulamenta_a_calibracao_de_audiometros\" >3. Qual norma regulamenta a calibra\u00e7\u00e3o de audi\u00f4metros?<\/a><\/li><li class='ez-toc-page-1 ez-toc-heading-level-3'><a class=\"ez-toc-link ez-toc-heading-23\" href=\"https:\/\/vibrasom.tec.br\/blog\/pericia-fonoaudiologica\/#4_Com_que_frequencia_um_audiometro_deve_ser_calibrado\" >4. Com que frequ\u00eancia um audi\u00f4metro deve ser calibrado?<\/a><\/li><li class='ez-toc-page-1 ez-toc-heading-level-3'><a class=\"ez-toc-link ez-toc-heading-24\" href=\"https:\/\/vibrasom.tec.br\/blog\/pericia-fonoaudiologica\/#5_A_Vibrasom_realiza_calibracao_de_audiometros_de_outras_marcas\" >5. A Vibrasom realiza calibra\u00e7\u00e3o de audi\u00f4metros de outras marcas?<\/a><\/li><li class='ez-toc-page-1 ez-toc-heading-level-3'><a class=\"ez-toc-link ez-toc-heading-25\" href=\"https:\/\/vibrasom.tec.br\/blog\/pericia-fonoaudiologica\/#6_E_necessario_enviar_todos_os_componentes_do_audiometro_para_calibracao\" >6. \u00c9 necess\u00e1rio enviar todos os componentes do audi\u00f4metro para calibra\u00e7\u00e3o?<\/a><\/li><li class='ez-toc-page-1 ez-toc-heading-level-3'><a class=\"ez-toc-link ez-toc-heading-26\" href=\"https:\/\/vibrasom.tec.br\/blog\/pericia-fonoaudiologica\/#7_O_audiometro_pode_apresentar_problemas_durante_a_calibracao\" >7. O audi\u00f4metro pode apresentar problemas durante a calibra\u00e7\u00e3o?<\/a><\/li><\/ul><\/li><li class='ez-toc-page-1 ez-toc-heading-level-2'><a class=\"ez-toc-link ez-toc-heading-27\" href=\"https:\/\/vibrasom.tec.br\/blog\/pericia-fonoaudiologica\/#Garanta_resultados_confiaveis_com_a_calibracao_correta_do_seu_audiometro\" >Garanta resultados confi\u00e1veis com a calibra\u00e7\u00e3o correta do seu audi\u00f4metro<\/a><ul class='ez-toc-list-level-3' ><li class='ez-toc-heading-level-3'><a class=\"ez-toc-link ez-toc-heading-28\" href=\"https:\/\/vibrasom.tec.br\/blog\/pericia-fonoaudiologica\/#Solicite_a_calibracao_do_seu_audiometro_Vibrasom\" >Solicite a calibra\u00e7\u00e3o do seu audi\u00f4metro Vibrasom<\/a><\/li><li class='ez-toc-page-1 ez-toc-heading-level-3'><a class=\"ez-toc-link ez-toc-heading-29\" href=\"https:\/\/vibrasom.tec.br\/blog\/pericia-fonoaudiologica\/#VIBRASOM_TECNOLOGIA_ACUSTICA\" >VIBRASOM TECNOLOGIA AC\u00daSTICA<\/a><\/li><\/ul><\/li><\/ul><\/nav><\/div>\n<h2 class=\"wp-block-heading\"><span class=\"ez-toc-section\" id=\"Por_que_a_calibracao_de_audiometros_e_essencial_para_uma_pericia_fonoaudiologica_confiavel\"><\/span><strong>Por que a calibra\u00e7\u00e3o de audi\u00f4metros \u00e9 essencial para uma per\u00edcia fonoaudiol\u00f3gica confi\u00e1vel?<\/strong><span class=\"ez-toc-section-end\"><\/span><\/h2>\n\n\n\n<p class=\"wp-block-paragraph\">Uma per\u00edcia fonoaudiol\u00f3gica exige precis\u00e3o em todas as etapas da avalia\u00e7\u00e3o auditiva. O audi\u00f4metro \u00e9 o equipamento respons\u00e1vel por apresentar est\u00edmulos sonoros ao paciente e medir suas respostas em diferentes frequ\u00eancias e intensidades.&nbsp;<\/p>\n\n\n\n<p class=\"wp-block-paragraph\">Por isso, qualquer altera\u00e7\u00e3o no funcionamento do aparelho pode interferir diretamente nos resultados obtidos.<\/p>\n\n\n\n<p class=\"wp-block-paragraph\">A <a href=\"https:\/\/vibrasom.ind.br\/calibracao-de-audiometros\/\" target=\"_blank\" rel=\"noopener\">calibra\u00e7\u00e3o de audi\u00f4metros<\/a> tem como objetivo verificar se o equipamento permanece dentro dos par\u00e2metros estabelecidos pelas normas t\u00e9cnicas. Esse procedimento confirma se os sinais apresentados pelo aparelho correspondem aos valores indicados no exame, evitando diferen\u00e7as entre o resultado registrado e a real capacidade auditiva avaliada.<\/p>\n\n\n\n<p class=\"wp-block-paragraph\">Em contextos como per\u00edcias trabalhistas, avalia\u00e7\u00f5es de sa\u00fade ocupacional e investiga\u00e7\u00f5es relacionadas \u00e0 perda auditiva, a precis\u00e3o dos dados possui um papel fundamental. Um laudo depende da confiabilidade das informa\u00e7\u00f5es coletadas, j\u00e1 que os resultados podem auxiliar decis\u00f5es m\u00e9dicas, administrativas ou judiciais.<\/p>\n\n\n\n<p class=\"wp-block-paragraph\">Por esse motivo, a calibra\u00e7\u00e3o peri\u00f3dica n\u00e3o deve ser vista apenas como uma exig\u00eancia t\u00e9cnica, mas como uma etapa indispens\u00e1vel para preservar a qualidade dos exames e a seguran\u00e7a dos profissionais respons\u00e1veis pelas avalia\u00e7\u00f5es.<\/p>\n\n\n\n<h2 class=\"wp-block-heading\"><span class=\"ez-toc-section\" id=\"Como_um_audiometro_sem_calibracao_adequada_pode_comprometer_um_laudo\"><\/span><strong>Como um audi\u00f4metro sem calibra\u00e7\u00e3o adequada pode comprometer um laudo?<\/strong><span class=\"ez-toc-section-end\"><\/span><\/h2>\n\n\n\n<p class=\"wp-block-paragraph\">A precis\u00e3o de um exame audiom\u00e9trico depende do equil\u00edbrio entre o funcionamento do equipamento, as condi\u00e7\u00f5es do ambiente e a aplica\u00e7\u00e3o correta dos procedimentos t\u00e9cnicos. Quando um audi\u00f4metro apresenta altera\u00e7\u00f5es fora dos padr\u00f5es esperados, os resultados podem sofrer distor\u00e7\u00f5es.<\/p>\n\n\n\n<p class=\"wp-block-paragraph\">Durante uma per\u00edcia fonoaudiol\u00f3gica, diferen\u00e7as aparentemente pequenas podem influenciar a an\u00e1lise final. Um equipamento que apresenta n\u00edveis de press\u00e3o sonora incorretos pode indicar respostas auditivas diferentes das reais, o que prejudica a elabora\u00e7\u00e3o de um laudo t\u00e9cnico confi\u00e1vel.<\/p>\n\n\n\n<p class=\"wp-block-paragraph\"><strong>Entre os problemas que podem ocorrer quando o equipamento n\u00e3o passa por uma calibra\u00e7\u00e3o adequada est\u00e3o<\/strong><strong>:<\/strong><\/p>\n\n\n\n<ul class=\"wp-block-list\">\n<li>Altera\u00e7\u00e3o nos n\u00edveis de intensidade sonora apresentados ao paciente;<\/li>\n\n\n\n<li>&nbsp;Diferen\u00e7as entre as frequ\u00eancias programadas e os valores realmente emitidos;<\/li>\n\n\n\n<li>Resultados inconsistentes entre avalia\u00e7\u00f5es realizadas em per\u00edodos diferentes;<\/li>\n\n\n\n<li>Dificuldade para comparar exames e acompanhar a evolu\u00e7\u00e3o auditiva;<\/li>\n\n\n\n<li>Risco de questionamentos sobre a validade t\u00e9cnica do laudo.<\/li>\n<\/ul>\n\n\n\n<p class=\"wp-block-paragraph\">Em avalia\u00e7\u00f5es que envolvem exposi\u00e7\u00e3o ocupacional ao ru\u00eddo, essas inconsist\u00eancias podem gerar impactos ainda maiores. A an\u00e1lise da audi\u00e7\u00e3o precisa apresentar informa\u00e7\u00f5es confi\u00e1veis para identificar poss\u00edveis altera\u00e7\u00f5es auditivas e auxiliar na tomada de decis\u00f5es relacionadas \u00e0 sa\u00fade do trabalhador.<\/p>\n\n\n\n<p class=\"wp-block-paragraph\"><strong>Leia tamb\u00e9m:<\/strong><\/p>\n\n\n\n<ul class=\"wp-block-list\">\n<li><a href=\"https:\/\/vibrasom.ind.br\/blog\/perda-auditiva-condutiva-de-grau-leve\/\" target=\"_blank\" rel=\"noopener\"><strong>Como identificar perda auditiva condutiva de grau leve em crian\u00e7as?<\/strong><\/a><\/li>\n\n\n\n<li><a href=\"https:\/\/vibrasom.ind.br\/blog\/fonoaudiologia-do-trabalho\/\" target=\"_blank\" rel=\"noopener\"><strong>Fonoaudiologia do trabalho: Proteja sua empresa de multas e processos<\/strong><\/a><\/li>\n<\/ul>\n\n\n\n<h2 class=\"wp-block-heading\"><span class=\"ez-toc-section\" id=\"Qual_a_relacao_entre_calibracao_de_audiometros_e_a_confiabilidade_da_pericia_fonoaudiologica\"><\/span><strong>Qual a rela\u00e7\u00e3o entre calibra\u00e7\u00e3o de audi\u00f4metros e a confiabilidade da per\u00edcia fonoaudiol\u00f3gica?<\/strong><span class=\"ez-toc-section-end\"><\/span><\/h2>\n\n\n\n<p class=\"wp-block-paragraph\">A rela\u00e7\u00e3o \u00e9 direta! Quanto maior o controle sobre o desempenho do equipamento, maior a seguran\u00e7a dos resultados obtidos durante a avalia\u00e7\u00e3o.<\/p>\n\n\n\n<p class=\"wp-block-paragraph\">A per\u00edcia fonoaudiol\u00f3gica utiliza informa\u00e7\u00f5es t\u00e9cnicas para analisar a capacidade auditiva de uma pessoa em determinado contexto. Para isso, o profissional precisa confiar que o audi\u00f4metro apresenta est\u00edmulos sonoros exatamente dentro dos par\u00e2metros esperados.<\/p>\n\n\n\n<p class=\"wp-block-paragraph\">A calibra\u00e7\u00e3o permite identificar poss\u00edveis desvios e realizar os ajustes necess\u00e1rios para que o equipamento continue operando conforme as especifica\u00e7\u00f5es t\u00e9cnicas. Dessa forma, o profissional reduz riscos de interpreta\u00e7\u00f5es equivocadas e mant\u00e9m a qualidade dos exames realizados.<\/p>\n\n\n\n<p class=\"wp-block-paragraph\">Al\u00e9m disso, equipamentos calibrados fortalecem a credibilidade do processo pericial, pois demonstram que os procedimentos seguem crit\u00e9rios reconhecidos nacional e internacionalmente.<\/p>\n\n\n\n<h2 class=\"wp-block-heading\"><span class=\"ez-toc-section\" id=\"Calibracao_de_audiometros_Quais_normas_garantem_a_precisao_dos_equipamentos\"><\/span><strong>Calibra\u00e7\u00e3o de audi\u00f4metros: Quais normas garantem a precis\u00e3o dos equipamentos?<\/strong><span class=\"ez-toc-section-end\"><\/span><\/h2>\n\n\n\n<p class=\"wp-block-paragraph\">A calibra\u00e7\u00e3o de audi\u00f4metros segue normas t\u00e9cnicas espec\u00edficas que estabelecem requisitos para o funcionamento adequado desses equipamentos. Entre os principais padr\u00f5es utilizados est\u00e3o a ISO 8253-1, a ISO 389 e os requisitos da IEC 60645.<\/p>\n\n\n\n<p class=\"wp-block-paragraph\">A norma ISO 8253-1 define crit\u00e9rios relacionados aos m\u00e9todos utilizados em testes audiom\u00e9tricos, estabelecendo condi\u00e7\u00f5es para que as avalia\u00e7\u00f5es apresentem resultados confi\u00e1veis.<\/p>\n\n\n\n<p class=\"wp-block-paragraph\">J\u00e1 a ISO 389 estabelece refer\u00eancias para os n\u00edveis de press\u00e3o sonora e for\u00e7a vibrat\u00f3ria utilizados nas medi\u00e7\u00f5es audiol\u00f3gicas, garantindo que os valores apresentados pelo equipamento estejam alinhados aos padr\u00f5es internacionais.<\/p>\n\n\n\n<p class=\"wp-block-paragraph\">A IEC 60645 apresenta requisitos t\u00e9cnicos para equipamentos audiom\u00e9tricos, incluindo caracter\u00edsticas de desempenho, precis\u00e3o e funcionamento dos aparelhos utilizados em avalia\u00e7\u00f5es auditivas.&nbsp;<\/p>\n\n\n\n<p class=\"wp-block-paragraph\"><strong>Seguir essas normas \u00e9 fundamental para garantir que o audi\u00f4metro entregue respostas consistentes e adequadas para aplica\u00e7\u00f5es cl\u00ednicas, ocupacionais e periciais.<\/strong><\/p>\n\n\n\n<h2 class=\"wp-block-heading\"><span class=\"ez-toc-section\" id=\"Quais_verificacoes_sao_realizadas_durante_a_calibracao_de_audiometros\"><\/span><strong>Quais verifica\u00e7\u00f5es s\u00e3o realizadas durante a calibra\u00e7\u00e3o de audi\u00f4metros?<\/strong><span class=\"ez-toc-section-end\"><\/span><\/h2>\n\n\n\n<p class=\"wp-block-paragraph\">A calibra\u00e7\u00e3o de audi\u00f4metros envolve uma an\u00e1lise detalhada dos principais par\u00e2metros t\u00e9cnicos que influenciam a precis\u00e3o dos exames auditivos. O objetivo \u00e9 verificar se o equipamento apresenta desempenho compat\u00edvel com as normas estabelecidas e se os est\u00edmulos sonoros emitidos correspondem aos valores indicados durante a avalia\u00e7\u00e3o.<\/p>\n\n\n\n<p class=\"wp-block-paragraph\">Durante esse processo, s\u00e3o analisados diferentes componentes do audi\u00f4metro para identificar poss\u00edveis varia\u00e7\u00f5es e garantir maior confiabilidade aos resultados obtidos em exames cl\u00ednicos, ocupacionais e per\u00edcias fonoaudiol\u00f3gicas.<\/p>\n\n\n\n<p class=\"wp-block-paragraph\"><strong>Entre as principais verifica\u00e7\u00f5es realizadas est\u00e3o:<\/strong><\/p>\n\n\n\n<h3 class=\"wp-block-heading\"><span class=\"ez-toc-section\" id=\"1_Frequencias_dos_sinais_de_teste\"><\/span><strong>1. Frequ\u00eancias dos sinais de teste<\/strong><span class=\"ez-toc-section-end\"><\/span><\/h3>\n\n\n\n<p class=\"wp-block-paragraph\">A an\u00e1lise das frequ\u00eancias confirma se os tons apresentados pelo audi\u00f4metro correspondem exatamente aos valores programados no equipamento. Essa verifica\u00e7\u00e3o \u00e9 essencial para evitar diferen\u00e7as entre a frequ\u00eancia selecionada pelo profissional e o est\u00edmulo realmente apresentado ao paciente.<\/p>\n\n\n\n<h3 class=\"wp-block-heading\"><span class=\"ez-toc-section\" id=\"2_Niveis_de_pressao_sonora_produzidos_pelos_fones\"><\/span><strong>2. N\u00edveis de press\u00e3o sonora produzidos pelos fones<\/strong><span class=\"ez-toc-section-end\"><\/span><\/h3>\n\n\n\n<p class=\"wp-block-paragraph\">Os fones utilizados nos exames precisam emitir n\u00edveis de press\u00e3o sonora dentro dos par\u00e2metros t\u00e9cnicos esperados. A calibra\u00e7\u00e3o avalia se a intensidade sonora entregue ao paciente est\u00e1 correta, evitando altera\u00e7\u00f5es que possam comprometer a interpreta\u00e7\u00e3o dos resultados.<\/p>\n\n\n\n<p class=\"wp-block-paragraph\">Em uma per\u00edcia fonoaudiol\u00f3gica, essa etapa possui grande import\u00e2ncia, pois pequenas diferen\u00e7as podem influenciar a an\u00e1lise da capacidade auditiva avaliada.<\/p>\n\n\n\n<h3 class=\"wp-block-heading\"><span class=\"ez-toc-section\" id=\"3_Niveis_de_forca_vibratoria_produzidos_pelos_vibradores_osseos\"><\/span><strong>3. N\u00edveis de for\u00e7a vibrat\u00f3ria produzidos pelos vibradores \u00f3sseos<\/strong><span class=\"ez-toc-section-end\"><\/span><\/h3>\n\n\n\n<p class=\"wp-block-paragraph\">Nos exames que utilizam condu\u00e7\u00e3o \u00f3ssea, o vibrador \u00f3sseo tamb\u00e9m precisa apresentar valores precisos. A calibra\u00e7\u00e3o verifica os n\u00edveis de for\u00e7a vibrat\u00f3ria produzidos pelo equipamento por meio de acopladores mec\u00e2nicos espec\u00edficos.<\/p>\n\n\n\n<p class=\"wp-block-paragraph\">Esse procedimento garante que os resultados obtidos na avalia\u00e7\u00e3o por via \u00f3ssea estejam dentro dos padr\u00f5es t\u00e9cnicos exigidos.<\/p>\n\n\n\n<h3 class=\"wp-block-heading\"><span class=\"ez-toc-section\" id=\"4_Niveis_de_ruido_mascarante\"><\/span><strong>4. N\u00edveis de ru\u00eddo mascarante<\/strong><span class=\"ez-toc-section-end\"><\/span><\/h3>\n\n\n\n<p class=\"wp-block-paragraph\">O ru\u00eddo mascarante \u00e9 utilizado em determinados testes audiol\u00f3gicos para evitar interfer\u00eancias durante a avalia\u00e7\u00e3o. Por isso, seus n\u00edveis tamb\u00e9m passam por verifica\u00e7\u00e3o durante a calibra\u00e7\u00e3o.<\/p>\n\n\n\n<p class=\"wp-block-paragraph\">O controle adequado desse par\u00e2metro contribui para exames mais confi\u00e1veis e resultados tecnicamente consistentes.<\/p>\n\n\n\n<h3 class=\"wp-block-heading\"><span class=\"ez-toc-section\" id=\"5_Passos_de_atenuacao\"><\/span><strong>5. Passos de atenua\u00e7\u00e3o<\/strong><span class=\"ez-toc-section-end\"><\/span><\/h3>\n\n\n\n<p class=\"wp-block-paragraph\">A calibra\u00e7\u00e3o verifica se os ajustes de intensidade sonora realizados no audi\u00f4metro correspondem aos valores apresentados pelo equipamento.<\/p>\n\n\n\n<p class=\"wp-block-paragraph\">Essa an\u00e1lise garante que cada altera\u00e7\u00e3o feita pelo profissional durante o exame represente exatamente a mudan\u00e7a esperada no est\u00edmulo sonoro.<\/p>\n\n\n\n<h3 class=\"wp-block-heading\"><span class=\"ez-toc-section\" id=\"6_Distorcao_harmonica\"><\/span><strong>6. Distor\u00e7\u00e3o harm\u00f4nica<\/strong><span class=\"ez-toc-section-end\"><\/span><\/h3>\n\n\n\n<p class=\"wp-block-paragraph\">A avalia\u00e7\u00e3o da distor\u00e7\u00e3o harm\u00f4nica verifica a qualidade do sinal emitido pelo audi\u00f4metro. O objetivo \u00e9 identificar poss\u00edveis altera\u00e7\u00f5es que possam modificar o est\u00edmulo apresentado ao paciente.<\/p>\n\n\n\n<p class=\"wp-block-paragraph\">Com todas essas verifica\u00e7\u00f5es, a calibra\u00e7\u00e3o assegura que o equipamento mantenha condi\u00e7\u00f5es adequadas para avalia\u00e7\u00f5es auditivas precisas.<\/p>\n\n\n\n<h2 class=\"wp-block-heading\"><span class=\"ez-toc-section\" id=\"Calibracao_de_audiometros_AVS-500_e_AVS-800_da_Vibrasom\"><\/span><strong>Calibra\u00e7\u00e3o de audi\u00f4metros AVS-500 e AVS-800 da Vibrasom<\/strong><span class=\"ez-toc-section-end\"><\/span><\/h2>\n\n\n\n<p class=\"wp-block-paragraph\">A Vibrasom realiza a calibra\u00e7\u00e3o de audi\u00f4metros <a href=\"https:\/\/vibrasom.ind.br\/blog\/avs-500-audiometro-com-tecnologia-avancada\/\" target=\"_blank\" rel=\"noopener\">AVS-500<\/a> e <a href=\"https:\/\/vibrasom.ind.br\/blog\/testes-com-comunicacao-digital-e-software\/\" target=\"_blank\" rel=\"noopener\">AVS-800<\/a>, garantindo que esses equipamentos permane\u00e7am dentro dos padr\u00f5es t\u00e9cnicos necess\u00e1rios para avalia\u00e7\u00f5es auditivas confi\u00e1veis.<\/p>\n\n\n\n<p class=\"wp-block-paragraph\">Esses modelos s\u00e3o utilizados por profissionais que precisam de resultados precisos em exames cl\u00ednicos, avalia\u00e7\u00f5es ocupacionais e per\u00edcias fonoaudiol\u00f3gicas. Por isso, manter o equipamento calibrado \u00e9 uma etapa fundamental para preservar a qualidade dos laudos e a seguran\u00e7a das an\u00e1lises realizadas.<\/p>\n\n\n\n<p class=\"wp-block-paragraph\">Durante a calibra\u00e7\u00e3o, o equipamento passa por uma avalia\u00e7\u00e3o completa. Caso sejam identificadas altera\u00e7\u00f5es fora das especifica\u00e7\u00f5es t\u00e9cnicas, podem ser indicados ajustes ou reparos antes da realiza\u00e7\u00e3o de uma nova calibra\u00e7\u00e3o.<\/p>\n\n\n\n<p class=\"wp-block-paragraph\">Esse processo evita que um audi\u00f4metro com funcionamento inadequado continue sendo utilizado e comprometa os resultados dos exames.<\/p>\n\n\n\n<h2 class=\"wp-block-heading\"><span class=\"ez-toc-section\" id=\"Quando_o_audiometro_precisa_passar_por_calibracao_ou_reparo\"><\/span><strong>Quando o audi\u00f4metro precisa passar por calibra\u00e7\u00e3o ou reparo?<\/strong><span class=\"ez-toc-section-end\"><\/span><\/h2>\n\n\n\n<p class=\"wp-block-paragraph\">A calibra\u00e7\u00e3o deve fazer parte da rotina de manuten\u00e7\u00e3o dos audi\u00f4metros, principalmente em equipamentos utilizados com frequ\u00eancia para exames auditivos e per\u00edcias. Al\u00e9m da periodicidade recomendada, alguns sinais podem indicar a necessidade de uma avalia\u00e7\u00e3o t\u00e9cnica, como:<\/p>\n\n\n\n<ul class=\"wp-block-list\">\n<li>Altera\u00e7\u00f5es inesperadas nos resultados dos exames;<\/li>\n\n\n\n<li>&nbsp;Diferen\u00e7as entre avalia\u00e7\u00f5es realizadas com o mesmo paciente;<\/li>\n\n\n\n<li>&nbsp;Falhas no funcionamento do equipamento;<\/li>\n\n\n\n<li>&nbsp;Instabilidade durante os testes audiom\u00e9tricos;<\/li>\n\n\n\n<li>Necessidade de substitui\u00e7\u00e3o ou ajuste de componentes.<\/li>\n<\/ul>\n\n\n\n<p class=\"wp-block-paragraph\">Quando o audi\u00f4metro n\u00e3o atende aos requisitos estabelecidos pelas normas t\u00e9cnicas, pode ser necess\u00e1rio realizar manuten\u00e7\u00e3o ou reparos. Ap\u00f3s esses procedimentos, uma nova calibra\u00e7\u00e3o confirma se o equipamento voltou a operar corretamente.<\/p>\n\n\n\n<h2 class=\"wp-block-heading\"><span class=\"ez-toc-section\" id=\"Como_funciona_o_envio_do_audiometro_para_calibracao\"><\/span><strong>Como funciona o envio do audi\u00f4metro para calibra\u00e7\u00e3o?<\/strong><span class=\"ez-toc-section-end\"><\/span><\/h2>\n\n\n\n<p class=\"wp-block-paragraph\">Para realizar a calibra\u00e7\u00e3o de audi\u00f4metros Vibrasom, o equipamento deve ser encaminhado ao laborat\u00f3rio da empresa para avalia\u00e7\u00e3o t\u00e9cnica. Antes da aprova\u00e7\u00e3o do servi\u00e7o, o audi\u00f4metro passa por uma an\u00e1lise para identificar suas condi\u00e7\u00f5es de funcionamento e verificar quais procedimentos ser\u00e3o necess\u00e1rios.<\/p>\n\n\n\n<h3 class=\"wp-block-heading\"><span class=\"ez-toc-section\" id=\"Avaliacao_do_equipamento_e_aprovacao_do_orcamento\"><\/span><strong>Avalia\u00e7\u00e3o do equipamento e aprova\u00e7\u00e3o do or\u00e7amento<\/strong><span class=\"ez-toc-section-end\"><\/span><\/h3>\n\n\n\n<p class=\"wp-block-paragraph\">A calibra\u00e7\u00e3o possui um custo definido ap\u00f3s a avalia\u00e7\u00e3o inicial realizada pelo laborat\u00f3rio. Depois da an\u00e1lise do equipamento, a Vibrasom envia um or\u00e7amento para aprova\u00e7\u00e3o do cliente.<\/p>\n\n\n\n<p class=\"wp-block-paragraph\">Com a aprova\u00e7\u00e3o do servi\u00e7o, \u00e9 emitido o pedido e o procedimento \u00e9 realizado ap\u00f3s a confirma\u00e7\u00e3o do pagamento.<\/p>\n\n\n\n<p class=\"wp-block-paragraph\">Todos os servi\u00e7os de laborat\u00f3rio s\u00e3o liberados mediante pagamento \u00e0 vista. O or\u00e7amento enviado ao cliente tamb\u00e9m inclui o valor do frete utilizado para o retorno do equipamento, realizado preferencialmente por SEDEX com seguro.<\/p>\n\n\n\n<p class=\"wp-block-paragraph\">O envio com seguro oferece maior prote\u00e7\u00e3o ao equipamento, pois permite reembolso conforme o valor declarado na Nota Fiscal em situa\u00e7\u00f5es de danos ou extravios.<\/p>\n\n\n\n<h2 class=\"wp-block-heading\"><span class=\"ez-toc-section\" id=\"Como_preparar_o_audiometro_para_envio_a_Vibrasom\"><\/span><strong>Como preparar o audi\u00f4metro para envio \u00e0 Vibrasom?<\/strong><span class=\"ez-toc-section-end\"><\/span><\/h2>\n\n\n\n<p class=\"wp-block-paragraph\">Para evitar problemas durante o transporte, o audi\u00f4metro deve ser enviado devidamente embalado e acompanhado de todos os seus componentes. Tamb\u00e9m \u00e9 necess\u00e1rio encaminhar uma carta com os dados do cliente para identifica\u00e7\u00e3o do equipamento e registro das informa\u00e7\u00f5es do servi\u00e7o.<\/p>\n\n\n\n<p class=\"wp-block-paragraph\"><strong>A documenta\u00e7\u00e3o deve conter:<\/strong><\/p>\n\n\n\n<ul class=\"wp-block-list\">\n<li>Nome do cliente ou empresa;<\/li>\n\n\n\n<li>CPF ou CNPJ;<\/li>\n\n\n\n<li>&nbsp;Telefone de contato;<\/li>\n\n\n\n<li>E-mail;<\/li>\n\n\n\n<li>&nbsp;Descri\u00e7\u00e3o do problema ou necessidade do equipamento.<\/li>\n<\/ul>\n\n\n\n<p class=\"wp-block-paragraph\"><strong>O envio deve ser realizado para:<\/strong><\/p>\n\n\n\n<p class=\"wp-block-paragraph\">VIBRASOM TECNOLOGIA AC\u00daSTICA LTDA<\/p>\n\n\n\n<p class=\"wp-block-paragraph\">Estrada Sadae Takagi, 204<br>Bairro Cooperativa<br>S\u00e3o Bernardo do Campo, SP<br>CEP: 09852-070<\/p>\n\n\n\n<h2 class=\"wp-block-heading\"><span class=\"ez-toc-section\" id=\"Como_funciona_o_retorno_do_audiometro_apos_a_calibracao\"><\/span><strong>Como funciona o retorno do audi\u00f4metro ap\u00f3s a calibra\u00e7\u00e3o?<\/strong><span class=\"ez-toc-section-end\"><\/span><\/h2>\n\n\n\n<p class=\"wp-block-paragraph\">Ap\u00f3s a conclus\u00e3o da calibra\u00e7\u00e3o, o cliente pode escolher a forma de retirada do equipamento. O audi\u00f4metro pode ser retirado pessoalmente, por terceiros autorizados ou enviado por uma transportadora escolhida pelo cliente. Nesses casos, a responsabilidade pelo transporte fica sob responsabilidade do contratante.<\/p>\n\n\n\n<p class=\"wp-block-paragraph\">O envio por SEDEX com seguro \u00e9 uma das op\u00e7\u00f5es mais utilizadas, pois oferece maior prote\u00e7\u00e3o durante o deslocamento. Caso o audi\u00f4metro n\u00e3o possua uma maleta pr\u00f3pria, o retorno ser\u00e1 realizado em embalagem adequada de papel\u00e3o para transporte.<\/p>\n\n\n\n<h3 class=\"wp-block-heading\"><span class=\"ez-toc-section\" id=\"Qual_o_prazo_para_realizar_a_calibracao_de_um_audiometro\"><\/span><strong>Qual o prazo para realizar a calibra\u00e7\u00e3o de um audi\u00f4metro?<\/strong><span class=\"ez-toc-section-end\"><\/span><\/h3>\n\n\n\n<p class=\"wp-block-paragraph\">A calibra\u00e7\u00e3o pode ser realizada mediante agendamento pr\u00e9vio com o laborat\u00f3rio da Vibrasom. Quando o audi\u00f4metro n\u00e3o apresenta defeitos e necessita apenas da calibra\u00e7\u00e3o, o procedimento costuma levar aproximadamente 2 horas ap\u00f3s o recebimento e avalia\u00e7\u00e3o do equipamento.<\/p>\n\n\n\n<p class=\"wp-block-paragraph\">O agendamento permite melhor organiza\u00e7\u00e3o do atendimento e maior previsibilidade para profissionais e empresas que dependem do equipamento em suas rotinas de avalia\u00e7\u00e3o.<\/p>\n\n\n\n<h2 class=\"wp-block-heading\"><span class=\"ez-toc-section\" id=\"7_perguntas_frequentes_sobre_pericia_fonoaudiologica_e_calibracao_de_audiometros\"><\/span><strong>7 perguntas frequentes sobre per\u00edcia fonoaudiol\u00f3gica e calibra\u00e7\u00e3o de audi\u00f4metros<\/strong><span class=\"ez-toc-section-end\"><\/span><\/h2>\n\n\n\n<h3 class=\"wp-block-heading\"><span class=\"ez-toc-section\" id=\"1_O_que_e_calibracao_de_audiometro\"><\/span><strong>1. O que \u00e9 calibra\u00e7\u00e3o de audi\u00f4metro?<\/strong><span class=\"ez-toc-section-end\"><\/span><\/h3>\n\n\n\n<p class=\"wp-block-paragraph\">A calibra\u00e7\u00e3o de audi\u00f4metro \u00e9 um procedimento t\u00e9cnico que verifica se o equipamento est\u00e1 funcionando conforme os padr\u00f5es estabelecidos pelas normas espec\u00edficas da \u00e1rea audiol\u00f3gica. Durante a calibra\u00e7\u00e3o, s\u00e3o analisados par\u00e2metros como frequ\u00eancia dos sinais, n\u00edveis de press\u00e3o sonora, for\u00e7a vibrat\u00f3ria dos vibradores \u00f3sseos, ru\u00eddo mascarante, passos de atenua\u00e7\u00e3o e distor\u00e7\u00e3o harm\u00f4nica.<\/p>\n\n\n\n<p class=\"wp-block-paragraph\">O objetivo \u00e9 confirmar que o audi\u00f4metro apresenta resultados compat\u00edveis com os valores esperados, garantindo maior precis\u00e3o nos exames realizados.<\/p>\n\n\n\n<h3 class=\"wp-block-heading\"><span class=\"ez-toc-section\" id=\"2_Por_que_a_calibracao_e_importante_para_uma_pericia_fonoaudiologica\"><\/span><strong>2. Por que a calibra\u00e7\u00e3o \u00e9 importante para uma per\u00edcia fonoaudiol\u00f3gica?<\/strong><span class=\"ez-toc-section-end\"><\/span><\/h3>\n\n\n\n<p class=\"wp-block-paragraph\">A calibra\u00e7\u00e3o \u00e9 essencial para uma per\u00edcia fonoaudiol\u00f3gica porque garante que os resultados obtidos durante o exame representem de forma confi\u00e1vel a condi\u00e7\u00e3o auditiva avaliada. Um audi\u00f4metro fora das especifica\u00e7\u00f5es pode apresentar diferen\u00e7as nos est\u00edmulos sonoros enviados ao paciente, comprometendo a interpreta\u00e7\u00e3o dos resultados e a elabora\u00e7\u00e3o do laudo t\u00e9cnico.<\/p>\n\n\n\n<p class=\"wp-block-paragraph\">Em avalia\u00e7\u00f5es que envolvem perda auditiva, exposi\u00e7\u00e3o ocupacional ao ru\u00eddo ou processos periciais, a confiabilidade dos dados \u00e9 fundamental para garantir seguran\u00e7a ao profissional respons\u00e1vel pela an\u00e1lise.<\/p>\n\n\n\n<h3 class=\"wp-block-heading\"><span class=\"ez-toc-section\" id=\"3_Qual_norma_regulamenta_a_calibracao_de_audiometros\"><\/span><strong>3. Qual norma regulamenta a calibra\u00e7\u00e3o de audi\u00f4metros?<\/strong><span class=\"ez-toc-section-end\"><\/span><\/h3>\n\n\n\n<p class=\"wp-block-paragraph\">A calibra\u00e7\u00e3o de audi\u00f4metros deve seguir crit\u00e9rios t\u00e9cnicos estabelecidos por normas reconhecidas internacionalmente, como a ISO 8253-1, ISO 389 e requisitos da IEC 60645. Essas normas definem par\u00e2metros relacionados ao funcionamento, desempenho e precis\u00e3o dos equipamentos utilizados em avalia\u00e7\u00f5es auditivas.<\/p>\n\n\n\n<p class=\"wp-block-paragraph\">Seguir essas refer\u00eancias garante que o audi\u00f4metro permane\u00e7a adequado para aplica\u00e7\u00f5es cl\u00ednicas, ocupacionais e periciais.<\/p>\n\n\n\n<h3 class=\"wp-block-heading\"><span class=\"ez-toc-section\" id=\"4_Com_que_frequencia_um_audiometro_deve_ser_calibrado\"><\/span><strong>4. Com que frequ\u00eancia um audi\u00f4metro deve ser calibrado?<\/strong><span class=\"ez-toc-section-end\"><\/span><\/h3>\n\n\n\n<p class=\"wp-block-paragraph\">A frequ\u00eancia da calibra\u00e7\u00e3o pode variar conforme o uso do equipamento, as recomenda\u00e7\u00f5es t\u00e9cnicas do fabricante e os procedimentos adotados pela institui\u00e7\u00e3o respons\u00e1vel pelos exames.&nbsp; A realiza\u00e7\u00e3o peri\u00f3dica da calibra\u00e7\u00e3o ajuda a identificar altera\u00e7\u00f5es no desempenho do aparelho antes que elas possam comprometer os resultados das avalia\u00e7\u00f5es.<\/p>\n\n\n\n<p class=\"wp-block-paragraph\">Para profissionais que utilizam audi\u00f4metros em per\u00edcias fonoaudiol\u00f3gicas e exames ocupacionais, manter o equipamento dentro dos padr\u00f5es t\u00e9cnicos \u00e9 uma medida essencial de controle de qualidade.<\/p>\n\n\n\n<h3 class=\"wp-block-heading\"><span class=\"ez-toc-section\" id=\"5_A_Vibrasom_realiza_calibracao_de_audiometros_de_outras_marcas\"><\/span><strong>5. A Vibrasom realiza calibra\u00e7\u00e3o de audi\u00f4metros de outras marcas?<\/strong><span class=\"ez-toc-section-end\"><\/span><\/h3>\n\n\n\n<p class=\"wp-block-paragraph\">N\u00e3o. A Vibrasom realiza calibra\u00e7\u00e3o somente de equipamentos da pr\u00f3pria marca.&nbsp;<\/p>\n\n\n\n<p class=\"wp-block-paragraph\">O servi\u00e7o contempla modelos como os audi\u00f4metros AVS-500 e AVS-800, com procedimentos adequados \u00e0s caracter\u00edsticas t\u00e9cnicas desses equipamentos.<\/p>\n\n\n\n<h3 class=\"wp-block-heading\"><span class=\"ez-toc-section\" id=\"6_E_necessario_enviar_todos_os_componentes_do_audiometro_para_calibracao\"><\/span><strong>6. \u00c9 necess\u00e1rio enviar todos os componentes do audi\u00f4metro para calibra\u00e7\u00e3o?<\/strong><span class=\"ez-toc-section-end\"><\/span><\/h3>\n\n\n\n<p class=\"wp-block-paragraph\">Sim. O audi\u00f4metro deve ser enviado completo, acompanhado de todos os componentes utilizados durante os exames. O envio correto permite que o laborat\u00f3rio realize uma avalia\u00e7\u00e3o mais precisa do equipamento e verifique todos os itens necess\u00e1rios para a calibra\u00e7\u00e3o.<\/p>\n\n\n\n<h3 class=\"wp-block-heading\"><span class=\"ez-toc-section\" id=\"7_O_audiometro_pode_apresentar_problemas_durante_a_calibracao\"><\/span><strong>7. O audi\u00f4metro pode apresentar problemas durante a calibra\u00e7\u00e3o?<\/strong><span class=\"ez-toc-section-end\"><\/span><\/h3>\n\n\n\n<p class=\"wp-block-paragraph\">Sim. Durante a an\u00e1lise t\u00e9cnica, podem ser identificadas altera\u00e7\u00f5es que exigem ajustes ou reparos antes da calibra\u00e7\u00e3o final. Quando o equipamento n\u00e3o atende \u00e0s especifica\u00e7\u00f5es determinadas pelas normas, a Vibrasom informa ao cliente os procedimentos necess\u00e1rios e apresenta um or\u00e7amento para aprova\u00e7\u00e3o.<\/p>\n\n\n\n<h2 class=\"wp-block-heading\"><span class=\"ez-toc-section\" id=\"Garanta_resultados_confiaveis_com_a_calibracao_correta_do_seu_audiometro\"><\/span><strong>Garanta resultados confi\u00e1veis com a calibra\u00e7\u00e3o correta do seu audi\u00f4metro<\/strong><span class=\"ez-toc-section-end\"><\/span><\/h2>\n\n\n\n<p class=\"wp-block-paragraph\">Uma per\u00edcia fonoaudiol\u00f3gica exige dados precisos, equipamentos confi\u00e1veis e procedimentos t\u00e9cnicos adequados. A calibra\u00e7\u00e3o de audi\u00f4metros \u00e9 uma etapa fundamental para garantir que os exames apresentem resultados seguros e compat\u00edveis com os padr\u00f5es exigidos.<\/p>\n\n\n\n<p class=\"wp-block-paragraph\">A Vibrasom realiza a calibra\u00e7\u00e3o dos audi\u00f4metros <a href=\"https:\/\/vibrasom.ind.br\/blog\/ergonomia-no-trabalho\/\" target=\"_blank\" rel=\"noopener\">AVS-500<\/a> e <a href=\"https:\/\/vibrasom.ind.br\/blog\/avs-800-a-melhor-ferramenta-de-trabalho\/\" target=\"_blank\" rel=\"noopener\">AVS-800<\/a>, seguindo crit\u00e9rios t\u00e9cnicos baseados nas normas ISO 8253-1, ISO 389 e requisitos da IEC 60645.<\/p>\n\n\n\n<p class=\"wp-block-paragraph\">Se o seu equipamento precisa passar por uma avalia\u00e7\u00e3o t\u00e9cnica, conte com um laborat\u00f3rio especializado para manter a qualidade e a confiabilidade dos seus exames audiol\u00f3gicos.<\/p>\n\n\n\n<h3 class=\"wp-block-heading\"><span class=\"ez-toc-section\" id=\"Solicite_a_calibracao_do_seu_audiometro_Vibrasom\"><\/span><strong>Solicite a calibra\u00e7\u00e3o do seu audi\u00f4metro Vibrasom<\/strong><span class=\"ez-toc-section-end\"><\/span><\/h3>\n\n\n\n<p class=\"wp-block-paragraph\">Entre em contato com a Vibrasom e envie seu equipamento para avalia\u00e7\u00e3o. Nossa equipe verifica as condi\u00e7\u00f5es do audi\u00f4metro, apresenta o or\u00e7amento necess\u00e1rio e orienta sobre todas as etapas do processo.<\/p>\n\n\n\n<p class=\"wp-block-paragraph\">Tenha mais seguran\u00e7a nos seus laudos e avalia\u00e7\u00f5es auditivas com um equipamento calibrado.<\/p>\n\n\n\n<p class=\"wp-block-paragraph\"><a href=\"https:\/\/vibrasom.ind.br\/contato\/\" target=\"_blank\" rel=\"noopener\"><strong>[Solicite aqui o seu or\u00e7amento de calibra\u00e7\u00e3o]<\/strong><\/a><\/p>\n\n\n\n<h3 class=\"wp-block-heading\"><span class=\"ez-toc-section\" id=\"VIBRASOM_TECNOLOGIA_ACUSTICA\"><\/span><strong>VIBRASOM TECNOLOGIA AC\u00daSTICA<\/strong><span class=\"ez-toc-section-end\"><\/span><\/h3>\n\n\n\n<p class=\"wp-block-paragraph\">11 3506 &#8211; 5087<\/p>\n\n\n\n<p class=\"wp-block-paragraph\">11 9 9967 6973 &#8211; Ac\u00fastica<\/p>\n\n\n\n<p class=\"wp-block-paragraph\">11 9 7107 4218 &#8211; Audiologia<\/p>\n\n\n\n<p class=\"wp-block-paragraph\">E-mail: <a href=\"mailto:vibrasom@vibrasom.ind.br\">vibrasom@vibrasom.tec.br<\/a><\/p>\n\n\n\n<p class=\"wp-block-paragraph\"><strong>Siga nosso Instagram!<\/strong><\/p>\n\n\n\n<p class=\"wp-block-paragraph\"><a href=\"https:\/\/www.instagram.com\/vibrasom\/\" target=\"_blank\" rel=\"noopener\"><strong>Vibrasom<\/strong><\/a><\/p>\n","protected":false},"excerpt":{"rendered":"<p>per\u00edcia fonoaudiol\u00f3gica depende de resultados audiol\u00f3gicos precisos, e a calibra\u00e7\u00e3o de audi\u00f4metros \u00e9 um dos principais fatores para garantir que os exames apresentem dados confi\u00e1veis. Quando o equipamento n\u00e3o est\u00e1 ajustado conforme os padr\u00f5es t\u00e9cnicos, pequenas altera\u00e7\u00f5es nos n\u00edveis de frequ\u00eancia, intensidade sonora ou resposta dos componentes podem comprometer a interpreta\u00e7\u00e3o dos resultados e afetar&hellip;&nbsp;<\/p>\n","protected":false},"author":1,"featured_media":1838,"comment_status":"open","ping_status":"open","sticky":false,"template":"","format":"standard","meta":{"neve_meta_sidebar":"","neve_meta_container":"","neve_meta_enable_content_width":"","neve_meta_content_width":0,"neve_meta_title_alignment":"","neve_meta_author_avatar":"","neve_post_elements_order":"","neve_meta_disable_header":"","neve_meta_disable_footer":"","neve_meta_disable_title":"","footnotes":""},"categories":[136],"tags":[63,24,23,42,222,221,156,77,26,396,7],"class_list":["post-1837","post","type-post","status-publish","format-standard","has-post-thumbnail","hentry","category-audiologia","tag-audicao","tag-audiologia","tag-audiometria","tag-audiometria-ocupacional","tag-audiometro-avs-500-2","tag-avs-500","tag-avs-800","tag-cabines-audiometricas","tag-fonoaudiologia","tag-pericia-fonoaudiologica","tag-vibrasom"],"_links":{"self":[{"href":"https:\/\/vibrasom.tec.br\/blog\/wp-json\/wp\/v2\/posts\/1837","targetHints":{"allow":["GET"]}}],"collection":[{"href":"https:\/\/vibrasom.tec.br\/blog\/wp-json\/wp\/v2\/posts"}],"about":[{"href":"https:\/\/vibrasom.tec.br\/blog\/wp-json\/wp\/v2\/types\/post"}],"author":[{"embeddable":true,"href":"https:\/\/vibrasom.tec.br\/blog\/wp-json\/wp\/v2\/users\/1"}],"replies":[{"embeddable":true,"href":"https:\/\/vibrasom.tec.br\/blog\/wp-json\/wp\/v2\/comments?post=1837"}],"version-history":[{"count":1,"href":"https:\/\/vibrasom.tec.br\/blog\/wp-json\/wp\/v2\/posts\/1837\/revisions"}],"predecessor-version":[{"id":1839,"href":"https:\/\/vibrasom.tec.br\/blog\/wp-json\/wp\/v2\/posts\/1837\/revisions\/1839"}],"wp:featuredmedia":[{"embeddable":true,"href":"https:\/\/vibrasom.tec.br\/blog\/wp-json\/wp\/v2\/media\/1838"}],"wp:attachment":[{"href":"https:\/\/vibrasom.tec.br\/blog\/wp-json\/wp\/v2\/media?parent=1837"}],"wp:term":[{"taxonomy":"category","embeddable":true,"href":"https:\/\/vibrasom.tec.br\/blog\/wp-json\/wp\/v2\/categories?post=1837"},{"taxonomy":"post_tag","embeddable":true,"href":"https:\/\/vibrasom.tec.br\/blog\/wp-json\/wp\/v2\/tags?post=1837"}],"curies":[{"name":"wp","href":"https:\/\/api.w.org\/{rel}","templated":true}]}}