{"id":1833,"date":"2026-08-31T10:59:39","date_gmt":"2026-08-31T13:59:39","guid":{"rendered":"https:\/\/vibrasom.tec.br\/blog\/?p=1833"},"modified":"2026-09-02T11:00:14","modified_gmt":"2026-09-02T14:00:14","slug":"perda-auditiva-central","status":"publish","type":"post","link":"https:\/\/vibrasom.tec.br\/blog\/perda-auditiva-central\/","title":{"rendered":"Perda auditiva central: Quais sinais exigem avalia\u00e7\u00e3o especializada?"},"content":{"rendered":"\n<p class=\"wp-block-paragraph\">A <a href=\"https:\/\/vibrasom.tec.br\/blog\/graus-de-perda-auditiva\/\">perda auditiva<\/a> central est\u00e1 relacionada \u00e0 dificuldade do sistema nervoso em processar e interpretar os sons, mesmo quando a capacidade de captar os est\u00edmulos pelo ouvido pode estar preservada. <strong>O que isso significa?<\/strong> A pessoa pode ouvir que algu\u00e9m falou, mas ter dificuldade para compreender a mensagem, principalmente em ambientes com ru\u00eddo.<\/p>\n\n\n\n<p class=\"wp-block-paragraph\">Neste artigo, voc\u00ea vai descobrir quais sinais podem indicar uma altera\u00e7\u00e3o no processamento auditivo central, quando uma avalia\u00e7\u00e3o especializada \u00e9 indicada e qual \u00e9 a import\u00e2ncia de audi\u00f4metros e cabines audiom\u00e9tricas adequadas para obter resultados confi\u00e1veis.<\/p>\n\n\n\n<p class=\"wp-block-paragraph\">Tenha uma boa leitura!<\/p>\n\n\n\n<div id=\"ez-toc-container\" class=\"ez-toc-v2_0_87 counter-hierarchy ez-toc-counter ez-toc-grey ez-toc-container-direction\">\n<div class=\"ez-toc-title-container\">\n<p class=\"ez-toc-title\" style=\"cursor:inherit\">\u00cdndice<\/p>\n<span class=\"ez-toc-title-toggle\"><a href=\"#\" class=\"ez-toc-pull-right ez-toc-btn ez-toc-btn-xs ez-toc-btn-default ez-toc-toggle\" aria-label=\"Alternar tabela de conte\u00fado\"><span class=\"ez-toc-js-icon-con\"><span class=\"\"><span class=\"eztoc-hide\" style=\"display:none;\">Toggle<\/span><span class=\"ez-toc-icon-toggle-span\"><svg style=\"fill: #999;color:#999\" xmlns=\"http:\/\/www.w3.org\/2000\/svg\" class=\"list-377408\" width=\"20px\" height=\"20px\" viewBox=\"0 0 24 24\" fill=\"none\"><path d=\"M6 6H4v2h2V6zm14 0H8v2h12V6zM4 11h2v2H4v-2zm16 0H8v2h12v-2zM4 16h2v2H4v-2zm16 0H8v2h12v-2z\" fill=\"currentColor\"><\/path><\/svg><svg style=\"fill: #999;color:#999\" class=\"arrow-unsorted-368013\" xmlns=\"http:\/\/www.w3.org\/2000\/svg\" width=\"10px\" height=\"10px\" viewBox=\"0 0 24 24\" version=\"1.2\" baseProfile=\"tiny\"><path d=\"M18.2 9.3l-6.2-6.3-6.2 6.3c-.2.2-.3.4-.3.7s.1.5.3.7c.2.2.4.3.7.3h11c.3 0 .5-.1.7-.3.2-.2.3-.5.3-.7s-.1-.5-.3-.7zM5.8 14.7l6.2 6.3 6.2-6.3c.2-.2.3-.5.3-.7s-.1-.5-.3-.7c-.2-.2-.4-.3-.7-.3h-11c-.3 0-.5.1-.7.3-.2.2-.3.5-.3.7s.1.5.3.7z\"\/><\/svg><\/span><\/span><\/span><\/a><\/span><\/div>\n<nav><ul class='ez-toc-list ez-toc-list-level-1 ' ><li class='ez-toc-page-1 ez-toc-heading-level-2'><a class=\"ez-toc-link ez-toc-heading-1\" href=\"https:\/\/vibrasom.tec.br\/blog\/perda-auditiva-central\/#O_que_e_perda_auditiva_central\" >O que \u00e9 perda auditiva central?<\/a><\/li><li class='ez-toc-page-1 ez-toc-heading-level-2'><a class=\"ez-toc-link ez-toc-heading-2\" href=\"https:\/\/vibrasom.tec.br\/blog\/perda-auditiva-central\/#Quais_sinais_podem_indicar_uma_alteracao_auditiva_central\" >Quais sinais podem indicar uma altera\u00e7\u00e3o auditiva central?<\/a><ul class='ez-toc-list-level-3' ><li class='ez-toc-heading-level-3'><a class=\"ez-toc-link ez-toc-heading-3\" href=\"https:\/\/vibrasom.tec.br\/blog\/perda-auditiva-central\/#1_Dificuldade_para_entender_a_fala_em_ambientes_barulhentos\" >1. Dificuldade para entender a fala em ambientes barulhentos<\/a><\/li><li class='ez-toc-page-1 ez-toc-heading-level-3'><a class=\"ez-toc-link ez-toc-heading-4\" href=\"https:\/\/vibrasom.tec.br\/blog\/perda-auditiva-central\/#2_Necessidade_frequente_de_pedir_para_repetir\" >2. Necessidade frequente de pedir para repetir<\/a><\/li><li class='ez-toc-page-1 ez-toc-heading-level-3'><a class=\"ez-toc-link ez-toc-heading-5\" href=\"https:\/\/vibrasom.tec.br\/blog\/perda-auditiva-central\/#3_Dificuldade_para_acompanhar_fala_rapida\" >3. Dificuldade para acompanhar fala r\u00e1pida<\/a><\/li><li class='ez-toc-page-1 ez-toc-heading-level-3'><a class=\"ez-toc-link ez-toc-heading-6\" href=\"https:\/\/vibrasom.tec.br\/blog\/perda-auditiva-central\/#4_Problemas_para_acompanhar_duas_pessoas_falando_ao_mesmo_tempo\" >4. Problemas para acompanhar duas pessoas falando ao mesmo tempo<\/a><\/li><li class='ez-toc-page-1 ez-toc-heading-level-3'><a class=\"ez-toc-link ez-toc-heading-7\" href=\"https:\/\/vibrasom.tec.br\/blog\/perda-auditiva-central\/#5_Dificuldade_para_localizar_de_onde_vem_um_som\" >5. Dificuldade para localizar de onde vem um som<\/a><\/li><li class='ez-toc-page-1 ez-toc-heading-level-3'><a class=\"ez-toc-link ez-toc-heading-8\" href=\"https:\/\/vibrasom.tec.br\/blog\/perda-auditiva-central\/#6_Confusao_entre_palavras_ou_sons_semelhantes\" >6. Confus\u00e3o entre palavras ou sons semelhantes<\/a><\/li><li class='ez-toc-page-1 ez-toc-heading-level-3'><a class=\"ez-toc-link ez-toc-heading-9\" href=\"https:\/\/vibrasom.tec.br\/blog\/perda-auditiva-central\/#7_Dificuldade_para_compreender_fala_pelo_telefone\" >7. Dificuldade para compreender fala pelo telefone<\/a><\/li><li class='ez-toc-page-1 ez-toc-heading-level-3'><a class=\"ez-toc-link ez-toc-heading-10\" href=\"https:\/\/vibrasom.tec.br\/blog\/perda-auditiva-central\/#8_Cansaco_apos_conversas_ou_reunioes\" >8. Cansa\u00e7o ap\u00f3s conversas ou reuni\u00f5es<\/a><\/li><\/ul><\/li><li class='ez-toc-page-1 ez-toc-heading-level-2'><a class=\"ez-toc-link ez-toc-heading-11\" href=\"https:\/\/vibrasom.tec.br\/blog\/perda-auditiva-central\/#Quando_a_audiometria_convencional_nao_explica_a_queixa\" >Quando a audiometria convencional n\u00e3o explica a queixa?<\/a><ul class='ez-toc-list-level-3' ><li class='ez-toc-heading-level-3'><a class=\"ez-toc-link ez-toc-heading-12\" href=\"https:\/\/vibrasom.tec.br\/blog\/perda-auditiva-central\/#Isso_mostra_por_que_a_interpretacao_clinica_nao_deve_depender_apenas_do_audiograma\" >Isso mostra por que a interpreta\u00e7\u00e3o cl\u00ednica n\u00e3o deve depender apenas do audiograma.<\/a><\/li><\/ul><\/li><li class='ez-toc-page-1 ez-toc-heading-level-2'><a class=\"ez-toc-link ez-toc-heading-13\" href=\"https:\/\/vibrasom.tec.br\/blog\/perda-auditiva-central\/#Quais_exames_podem_fazer_parte_da_investigacao\" >Quais exames podem fazer parte da investiga\u00e7\u00e3o?<\/a><\/li><li class='ez-toc-page-1 ez-toc-heading-level-2'><a class=\"ez-toc-link ez-toc-heading-14\" href=\"https:\/\/vibrasom.tec.br\/blog\/perda-auditiva-central\/#Por_que_o_audiometro_e_importante_nessa_avaliacao\" >Por que o audi\u00f4metro \u00e9 importante nessa avalia\u00e7\u00e3o?<\/a><\/li><li class='ez-toc-page-1 ez-toc-heading-level-2'><a class=\"ez-toc-link ez-toc-heading-15\" href=\"https:\/\/vibrasom.tec.br\/blog\/perda-auditiva-central\/#Por_que_a_cabine_audiometrica_interfere_na_qualidade_do_exame\" >Por que a cabine audiom\u00e9trica interfere na qualidade do exame?<\/a><\/li><li class='ez-toc-page-1 ez-toc-heading-level-2'><a class=\"ez-toc-link ez-toc-heading-16\" href=\"https:\/\/vibrasom.tec.br\/blog\/perda-auditiva-central\/#O_que_considerar_ao_escolher_um_audiometro_para_avaliacao_auditiva\" >O que considerar ao escolher um audi\u00f4metro para avalia\u00e7\u00e3o auditiva?<\/a><ul class='ez-toc-list-level-3' ><li class='ez-toc-heading-level-3'><a class=\"ez-toc-link ez-toc-heading-17\" href=\"https:\/\/vibrasom.tec.br\/blog\/perda-auditiva-central\/#Outro_ponto_e_a_ergonomia\" >Outro ponto \u00e9 a ergonomia!<\/a><\/li><\/ul><\/li><li class='ez-toc-page-1 ez-toc-heading-level-2'><a class=\"ez-toc-link ez-toc-heading-18\" href=\"https:\/\/vibrasom.tec.br\/blog\/perda-auditiva-central\/#Audiometro_AVS_500_Precisao_para_a_rotina_audiologica\" >Audi\u00f4metro AVS 500: Precis\u00e3o para a rotina audiol\u00f3gica<\/a><\/li><li class='ez-toc-page-1 ez-toc-heading-level-2'><a class=\"ez-toc-link ez-toc-heading-19\" href=\"https:\/\/vibrasom.tec.br\/blog\/perda-auditiva-central\/#Audiometro_AVS-_800_Recursos_avancados_para_avaliacao_clinica\" >Audi\u00f4metro AVS- 800: Recursos avan\u00e7ados para avalia\u00e7\u00e3o cl\u00ednica<\/a><\/li><li class='ez-toc-page-1 ez-toc-heading-level-2'><a class=\"ez-toc-link ez-toc-heading-20\" href=\"https:\/\/vibrasom.tec.br\/blog\/perda-auditiva-central\/#Cabines_audiometricas_da_Vibrasom_Controle_acustico_para_exames_confiaveis\" >Cabines audiom\u00e9tricas da Vibrasom: Controle ac\u00fastico para exames confi\u00e1veis<\/a><\/li><li class='ez-toc-page-1 ez-toc-heading-level-2'><a class=\"ez-toc-link ez-toc-heading-21\" href=\"https:\/\/vibrasom.tec.br\/blog\/perda-auditiva-central\/#Perda_auditiva_central_precisa_de_diagnostico_especializado\" >Perda auditiva central precisa de diagn\u00f3stico especializado?<\/a><\/li><li class='ez-toc-page-1 ez-toc-heading-level-2'><a class=\"ez-toc-link ez-toc-heading-22\" href=\"https:\/\/vibrasom.tec.br\/blog\/perda-auditiva-central\/#8_perguntas_comuns_sobre_perda_auditiva_central\" >8 perguntas comuns sobre perda auditiva central<\/a><ul class='ez-toc-list-level-3' ><li class='ez-toc-heading-level-3'><a class=\"ez-toc-link ez-toc-heading-23\" href=\"https:\/\/vibrasom.tec.br\/blog\/perda-auditiva-central\/#1_Perda_auditiva_central_e_a_mesma_coisa_que_surdez\" >1. Perda auditiva central \u00e9 a mesma coisa que surdez?<\/a><\/li><li class='ez-toc-page-1 ez-toc-heading-level-3'><a class=\"ez-toc-link ez-toc-heading-24\" href=\"https:\/\/vibrasom.tec.br\/blog\/perda-auditiva-central\/#2_E_possivel_ter_perda_auditiva_central_com_audiometria_normal\" >2. \u00c9 poss\u00edvel ter perda auditiva central com audiometria normal?<\/a><\/li><li class='ez-toc-page-1 ez-toc-heading-level-3'><a class=\"ez-toc-link ez-toc-heading-25\" href=\"https:\/\/vibrasom.tec.br\/blog\/perda-auditiva-central\/#3_Quais_sinais_indicam_que_devo_procurar_uma_avaliacao_especializada\" >3. Quais sinais indicam que devo procurar uma avalia\u00e7\u00e3o especializada?<\/a><\/li><li class='ez-toc-page-1 ez-toc-heading-level-3'><a class=\"ez-toc-link ez-toc-heading-26\" href=\"https:\/\/vibrasom.tec.br\/blog\/perda-auditiva-central\/#4_Qual_profissional_avalia_o_processamento_auditivo_central\" >4. Qual profissional avalia o processamento auditivo central?<\/a><\/li><li class='ez-toc-page-1 ez-toc-heading-level-3'><a class=\"ez-toc-link ez-toc-heading-27\" href=\"https:\/\/vibrasom.tec.br\/blog\/perda-auditiva-central\/#5_A_audiometria_identifica_sozinha_uma_alteracao_do_processamento_auditivo\" >5. A audiometria identifica sozinha uma altera\u00e7\u00e3o do processamento auditivo?<\/a><\/li><li class='ez-toc-page-1 ez-toc-heading-level-3'><a class=\"ez-toc-link ez-toc-heading-28\" href=\"https:\/\/vibrasom.tec.br\/blog\/perda-auditiva-central\/#6_Por_que_o_exame_precisa_de_uma_cabine_audiometrica\" >6. Por que o exame precisa de uma cabine audiom\u00e9trica?<\/a><\/li><li class='ez-toc-page-1 ez-toc-heading-level-3'><a class=\"ez-toc-link ez-toc-heading-29\" href=\"https:\/\/vibrasom.tec.br\/blog\/perda-auditiva-central\/#7_Qual_audiometro_e_indicado_para_uma_clinica_de_audiologia\" >7. Qual audi\u00f4metro \u00e9 indicado para uma cl\u00ednica de audiologia?<\/a><\/li><li class='ez-toc-page-1 ez-toc-heading-level-3'><a class=\"ez-toc-link ez-toc-heading-30\" href=\"https:\/\/vibrasom.tec.br\/blog\/perda-auditiva-central\/#8_Quando_investir_em_uma_estrutura_audiologica_mais_completa\" >8. Quando investir em uma estrutura audiol\u00f3gica mais completa?<\/a><\/li><\/ul><\/li><li class='ez-toc-page-1 ez-toc-heading-level-2'><a class=\"ez-toc-link ez-toc-heading-31\" href=\"https:\/\/vibrasom.tec.br\/blog\/perda-auditiva-central\/#Precisa_de_audiometro_ou_cabine_audiometrica_para_sua_clinica\" >Precisa de audi\u00f4metro ou cabine audiom\u00e9trica para sua cl\u00ednica?<\/a><ul class='ez-toc-list-level-3' ><li class='ez-toc-heading-level-3'><a class=\"ez-toc-link ez-toc-heading-32\" href=\"https:\/\/vibrasom.tec.br\/blog\/perda-auditiva-central\/#VIBRASOM_TECNOLOGIA_ACUSTICA\" >VIBRASOM TECNOLOGIA AC\u00daSTICA<\/a><\/li><\/ul><\/li><\/ul><\/nav><\/div>\n<h2 class=\"wp-block-heading\"><span class=\"ez-toc-section\" id=\"O_que_e_perda_auditiva_central\"><\/span><strong>O<\/strong> <strong>que \u00e9 perda auditiva central?<\/strong><span class=\"ez-toc-section-end\"><\/span><\/h2>\n\n\n\n<p class=\"wp-block-paragraph\">A perda auditiva central ocorre quando o c\u00e9rebro apresenta dificuldade para processar e interpretar os sons. Assim, a pessoa pode ouvir normalmente, mas ter problemas para compreender o que foi dito, principalmente em situa\u00e7\u00f5es que exigem maior esfor\u00e7o auditivo.<\/p>\n\n\n\n<p class=\"wp-block-paragraph\">Entre as principais fun\u00e7\u00f5es relacionadas ao processamento auditivo est\u00e3o:<\/p>\n\n\n\n<ul class=\"wp-block-list\">\n<li><strong>Identifica\u00e7\u00e3o e diferencia\u00e7\u00e3o dos sons<\/strong>, que permitem reconhecer diferentes est\u00edmulos auditivos;<\/li>\n\n\n\n<li><strong>Localiza\u00e7\u00e3o sonora<\/strong>, respons\u00e1vel por identificar de onde vem determinado som;<\/li>\n\n\n\n<li><strong>Reconhecimento de padr\u00f5es auditivos<\/strong>, necess\u00e1rio para interpretar sequ\u00eancias e caracter\u00edsticas dos sons;<\/li>\n\n\n\n<li><strong>Processamento temporal<\/strong>, relacionado \u00e0 percep\u00e7\u00e3o da ordem, dura\u00e7\u00e3o e intervalo entre os est\u00edmulos;<\/li>\n\n\n\n<li><strong>Compreens\u00e3o da fala em ambientes com ru\u00eddo<\/strong>, que exige a separa\u00e7\u00e3o da voz em meio a outros sons;<\/li>\n\n\n\n<li><strong>Integra\u00e7\u00e3o das informa\u00e7\u00f5es dos dois ouvidos<\/strong>, importante para determinadas situa\u00e7\u00f5es de escuta.<\/li>\n<\/ul>\n\n\n\n<p class=\"wp-block-paragraph\">Por isso, a pessoa pode dizer que <strong><em>&#8220;ouve bem&#8221;<\/em><\/strong><em>,<\/em> mas apresentar dificuldade para acompanhar conversas, sobretudo em ambientes movimentados ou com muitos sons ao mesmo tempo.<\/p>\n\n\n\n<p class=\"wp-block-paragraph\">A queixa de <strong><em>&#8220;eu escuto, mas n\u00e3o entendo&#8221;<\/em><\/strong><em>,<\/em> por\u00e9m, n\u00e3o confirma uma perda auditiva central. Dificuldades semelhantes podem estar relacionadas a altera\u00e7\u00f5es auditivas perif\u00e9ricas, linguagem, aten\u00e7\u00e3o ou outros fatores.<\/p>\n\n\n\n<p class=\"wp-block-paragraph\"><strong>Por isso, a avalia\u00e7\u00e3o deve considerar diferentes aspectos, como:<\/strong><\/p>\n\n\n\n<ul class=\"wp-block-list\">\n<li>Hist\u00f3rico e caracter\u00edsticas das queixas;<\/li>\n\n\n\n<li>Resultados dos exames audiol\u00f3gicos;<\/li>\n\n\n\n<li>Desempenho em diferentes situa\u00e7\u00f5es de escuta;<\/li>\n\n\n\n<li>Necessidade de testes espec\u00edficos de processamento auditivo;<\/li>\n\n\n\n<li>Fatores que possam interferir na compreens\u00e3o da fala.<\/li>\n<\/ul>\n\n\n\n<p class=\"wp-block-paragraph\">Essa an\u00e1lise permite direcionar melhor a investiga\u00e7\u00e3o e identificar quais exames s\u00e3o mais adequados para cada caso.<\/p>\n\n\n\n<p class=\"wp-block-paragraph\"><strong>Leia tamb\u00e9m:<\/strong><\/p>\n\n\n\n<ul class=\"wp-block-list\">\n<li><a href=\"https:\/\/vibrasom.tec.br\/blog\/perda-auditiva-condutiva-de-grau-leve\/\"><strong>Como identificar perda auditiva condutiva de grau leve em crian\u00e7as?<\/strong><\/a><\/li>\n\n\n\n<li><a href=\"https:\/\/vibrasom.tec.br\/blog\/cabine-de-isolamento-acustico-entenda\/\"><strong>Cabine de isolamento ac\u00fastico: Entenda quando o termo se refere \u00e0 cabine audiom\u00e9trica<\/strong><\/a><\/li>\n\n\n\n<li><a href=\"https:\/\/vibrasom.tec.br\/blog\/fonoaudiologia-do-trabalho\/\"><strong>Fonoaudiologia do trabalho: Proteja sua empresa de multas e processos<\/strong><\/a><\/li>\n\n\n\n<li><a href=\"https:\/\/vibrasom.tec.br\/blog\/perda-auditiva-assimetrica\/\"><strong>AVS-800: Facilita a avalia\u00e7\u00e3o de perda auditiva assim\u00e9trica?<\/strong><\/a><\/li>\n\n\n\n<li><a href=\"https:\/\/vibrasom.tec.br\/blog\/ouvido-doendo-e-entupido\/\"><strong>Monitore pacientes com ouvido doendo e entupido com o AVS-500<\/strong><\/a><\/li>\n<\/ul>\n\n\n\n<h2 class=\"wp-block-heading\"><span class=\"ez-toc-section\" id=\"Quais_sinais_podem_indicar_uma_alteracao_auditiva_central\"><\/span><strong>Quais sinais podem indicar uma altera\u00e7\u00e3o auditiva central?<\/strong><span class=\"ez-toc-section-end\"><\/span><\/h2>\n\n\n\n<p class=\"wp-block-paragraph\">Alguns sinais aparecem com frequ\u00eancia nas queixas de pessoas que apresentam dificuldades no processamento das informa\u00e7\u00f5es auditivas. Eles n\u00e3o confirmam, por si s\u00f3, uma perda auditiva central, mas podem justificar uma investiga\u00e7\u00e3o especializada. Confira os principais sinais que merecem aten\u00e7\u00e3o:<\/p>\n\n\n\n<h3 class=\"wp-block-heading\"><span class=\"ez-toc-section\" id=\"1_Dificuldade_para_entender_a_fala_em_ambientes_barulhentos\"><\/span><strong>1. Dificuldade para entender a fala em ambientes barulhentos<\/strong><span class=\"ez-toc-section-end\"><\/span><\/h3>\n\n\n\n<p class=\"wp-block-paragraph\">Um dos sinais mais relevantes ocorre quando a pessoa consegue acompanhar uma conversa em um ambiente silencioso, mas apresenta grande dificuldade quando h\u00e1 m\u00fasica, tr\u00e2nsito, conversas paralelas, m\u00e1quinas ou outras fontes de ru\u00eddo.<\/p>\n\n\n\n<p class=\"wp-block-paragraph\">Nesse caso, o desafio n\u00e3o est\u00e1 apenas em detectar a voz. O c\u00e9rebro precisa separar a informa\u00e7\u00e3o relevante dos demais est\u00edmulos ac\u00fasticos.<\/p>\n\n\n\n<p class=\"wp-block-paragraph\">A dificuldade para compreender a fala com ru\u00eddo de fundo \u00e9 uma das queixas associadas \u00e0s altera\u00e7\u00f5es do processamento auditivo central.<\/p>\n\n\n\n<h3 class=\"wp-block-heading\"><span class=\"ez-toc-section\" id=\"2_Necessidade_frequente_de_pedir_para_repetir\"><\/span><strong>2. Necessidade frequente de pedir para repetir<\/strong><span class=\"ez-toc-section-end\"><\/span><\/h3>\n\n\n\n<p class=\"wp-block-paragraph\">Pedir <strong><em>&#8220;pode repetir?&#8221;<\/em><\/strong> ocasionalmente \u00e9 normal. O sinal de aten\u00e7\u00e3o aparece quando essa necessidade se torna frequente, principalmente em situa\u00e7\u00f5es nas quais outras pessoas parecem compreender a mesma fala sem dificuldade.<\/p>\n\n\n\n<p class=\"wp-block-paragraph\">A pessoa pode ouvir a voz, mas perder partes da mensagem ou confundir palavras semelhantes. Isso pode gerar respostas fora do contexto, necessidade de confirma\u00e7\u00e3o e maior esfor\u00e7o para acompanhar conversas.<\/p>\n\n\n\n<h3 class=\"wp-block-heading\"><span class=\"ez-toc-section\" id=\"3_Dificuldade_para_acompanhar_fala_rapida\"><\/span><strong>3. Dificuldade para acompanhar fala r\u00e1pida<\/strong><span class=\"ez-toc-section-end\"><\/span><\/h3>\n\n\n\n<p class=\"wp-block-paragraph\">Outro sinal importante \u00e9 a dificuldade para compreender pessoas que falam r\u00e1pido.<\/p>\n\n\n\n<p class=\"wp-block-paragraph\">A percep\u00e7\u00e3o da fala depende de informa\u00e7\u00f5es ac\u00fasticas que chegam em sequ\u00eancia e precisam ser organizadas pelo sistema auditivo. Quando existe dificuldade em aspectos temporais da audi\u00e7\u00e3o, a compreens\u00e3o pode ficar prejudicada, sobretudo diante de uma fala acelerada ou com pouca pausa entre as palavras.<\/p>\n\n\n\n<h3 class=\"wp-block-heading\"><span class=\"ez-toc-section\" id=\"4_Problemas_para_acompanhar_duas_pessoas_falando_ao_mesmo_tempo\"><\/span><strong>4. Problemas para acompanhar duas pessoas falando ao mesmo tempo<\/strong><span class=\"ez-toc-section-end\"><\/span><\/h3>\n\n\n\n<p class=\"wp-block-paragraph\">Conversas em grupo podem revelar uma dificuldade que n\u00e3o aparece em uma situa\u00e7\u00e3o individual e silenciosa.<\/p>\n\n\n\n<p class=\"wp-block-paragraph\">Quando duas ou mais pessoas falam ao mesmo tempo, o sistema auditivo precisa selecionar, separar e integrar diferentes est\u00edmulos. Altera\u00e7\u00f5es nessas habilidades podem dificultar a identifica\u00e7\u00e3o da fala que merece aten\u00e7\u00e3o.<\/p>\n\n\n\n<p class=\"wp-block-paragraph\">Testes de escuta dic\u00f3tica, por exemplo, podem avaliar a capacidade de separar ou integrar informa\u00e7\u00f5es apresentadas aos dois ouvidos.<\/p>\n\n\n\n<h3 class=\"wp-block-heading\"><span class=\"ez-toc-section\" id=\"5_Dificuldade_para_localizar_de_onde_vem_um_som\"><\/span><strong>5. Dificuldade para localizar de onde vem um som<\/strong><span class=\"ez-toc-section-end\"><\/span><\/h3>\n\n\n\n<p class=\"wp-block-paragraph\">A capacidade de identificar a dire\u00e7\u00e3o ou a origem de um som tamb\u00e9m faz parte do processamento auditivo.<\/p>\n\n\n\n<p class=\"wp-block-paragraph\">Uma pessoa pode apresentar dificuldade para saber de qual lado algu\u00e9m chamou, localizar uma fonte sonora ou identificar rapidamente a dire\u00e7\u00e3o de determinado ru\u00eddo.<\/p>\n\n\n\n<p class=\"wp-block-paragraph\">Essa altera\u00e7\u00e3o merece avalia\u00e7\u00e3o quando aparece de forma persistente ou junto com outras dificuldades auditivas.<\/p>\n\n\n\n<h3 class=\"wp-block-heading\"><span class=\"ez-toc-section\" id=\"6_Confusao_entre_palavras_ou_sons_semelhantes\"><\/span><strong>6. Confus\u00e3o entre palavras ou sons semelhantes<\/strong><span class=\"ez-toc-section-end\"><\/span><\/h3>\n\n\n\n<p class=\"wp-block-paragraph\">Trocas ou confus\u00f5es entre palavras com caracter\u00edsticas ac\u00fasticas parecidas tamb\u00e9m podem justificar uma investiga\u00e7\u00e3o.<\/p>\n\n\n\n<p class=\"wp-block-paragraph\">Esse tipo de dificuldade n\u00e3o significa necessariamente uma perda auditiva. A compreens\u00e3o da fala envolve v\u00e1rias etapas, e o processamento auditivo participa da discrimina\u00e7\u00e3o e organiza\u00e7\u00e3o dos est\u00edmulos sonoros.<\/p>\n\n\n\n<h3 class=\"wp-block-heading\"><span class=\"ez-toc-section\" id=\"7_Dificuldade_para_compreender_fala_pelo_telefone\"><\/span><strong>7. Dificuldade para compreender fala pelo telefone<\/strong><span class=\"ez-toc-section-end\"><\/span><\/h3>\n\n\n\n<p class=\"wp-block-paragraph\">O telefone elimina diversas pistas visuais presentes em uma conversa presencial. Por isso, algumas pessoas percebem maior dificuldade nesse contexto.<\/p>\n\n\n\n<p class=\"wp-block-paragraph\">Se a compreens\u00e3o pelo telefone costuma exigir repeti\u00e7\u00e3o constante, volume elevado ou aten\u00e7\u00e3o excessiva, vale relatar a queixa ao profissional respons\u00e1vel pela avalia\u00e7\u00e3o audiol\u00f3gica.<\/p>\n\n\n\n<h3 class=\"wp-block-heading\"><span class=\"ez-toc-section\" id=\"8_Cansaco_apos_conversas_ou_reunioes\"><\/span><strong>8. Cansa\u00e7o ap\u00f3s conversas ou reuni\u00f5es<\/strong><span class=\"ez-toc-section-end\"><\/span><\/h3>\n\n\n\n<p class=\"wp-block-paragraph\">Uma pessoa que precisa concentrar muito esfor\u00e7o para entender o que os outros dizem pode terminar uma reuni\u00e3o ou conversa mais cansada do que o esperado.<\/p>\n\n\n\n<p class=\"wp-block-paragraph\">Esse sinal merece aten\u00e7\u00e3o principalmente quando aparece junto com dificuldade em ambientes ruidosos, necessidade de repeti\u00e7\u00e3o e problemas para acompanhar di\u00e1logos com v\u00e1rias pessoas.<\/p>\n\n\n\n<p class=\"wp-block-paragraph\">O esfor\u00e7o para compreender uma mensagem auditiva n\u00e3o deve ser ignorado apenas porque o indiv\u00edduo afirma que &#8220;ouve bem&#8221;.<\/p>\n\n\n\n<h2 class=\"wp-block-heading\"><span class=\"ez-toc-section\" id=\"Quando_a_audiometria_convencional_nao_explica_a_queixa\"><\/span><strong>Quando a audiometria convencional n\u00e3o explica a queixa?<\/strong><span class=\"ez-toc-section-end\"><\/span><\/h2>\n\n\n\n<p class=\"wp-block-paragraph\">Essa \u00e9 uma das situa\u00e7\u00f5es que mais justificam uma investiga\u00e7\u00e3o especializada.<\/p>\n\n\n\n<p class=\"wp-block-paragraph\">Imagine uma pessoa com audiometria dentro dos padr\u00f5es esperados, mas com uma queixa persistente de dificuldade para entender conversas em ambientes ruidosos. O resultado do exame perif\u00e9rico, sozinho, pode n\u00e3o explicar toda a experi\u00eancia auditiva relatada pelo paciente.<\/p>\n\n\n\n<p class=\"wp-block-paragraph\">Segundo a <strong>ASHA (Associa\u00e7\u00e3o Americana de Fala, Linguagem e Audi\u00e7\u00e3o)<\/strong>, a avalia\u00e7\u00e3o do processamento auditivo pode ser indicada quando h\u00e1 dificuldades de compreens\u00e3o mesmo com audi\u00e7\u00e3o perif\u00e9rica normal ou outros sinais que possam afetar o processamento dos sons.<\/p>\n\n\n\n<h3 class=\"wp-block-heading\"><span class=\"ez-toc-section\" id=\"Isso_mostra_por_que_a_interpretacao_clinica_nao_deve_depender_apenas_do_audiograma\"><\/span><strong>Isso mostra por que a interpreta\u00e7\u00e3o cl\u00ednica n\u00e3o deve depender apenas do audiograma.<\/strong><span class=\"ez-toc-section-end\"><\/span><\/h3>\n\n\n\n<p class=\"wp-block-paragraph\">A avalia\u00e7\u00e3o da audi\u00e7\u00e3o perif\u00e9rica \u00e9 uma etapa importante para confirmar ou excluir altera\u00e7\u00f5es que podem produzir queixas semelhantes. Depois disso, o profissional pode selecionar uma bateria espec\u00edfica para investigar habilidades do processamento auditivo central.<\/p>\n\n\n\n<h2 class=\"wp-block-heading\"><span class=\"ez-toc-section\" id=\"Quais_exames_podem_fazer_parte_da_investigacao\"><\/span><strong>Quais exames podem fazer parte da investiga\u00e7\u00e3o?<\/strong><span class=\"ez-toc-section-end\"><\/span><\/h2>\n\n\n\n<p class=\"wp-block-paragraph\">A escolha dos exames depende da idade, do hist\u00f3rico cl\u00ednico, das queixas apresentadas e dos resultados obtidos na avalia\u00e7\u00e3o inicial.<\/p>\n\n\n\n<p class=\"wp-block-paragraph\">Antes da investiga\u00e7\u00e3o espec\u00edfica do processamento auditivo central, a avalia\u00e7\u00e3o audiol\u00f3gica perif\u00e9rica tem papel fundamental. Ela pode incluir procedimentos como <a href=\"https:\/\/vibrasom.tec.br\/blog\/exame-de-audiometria-tonal\/\">audiometria tonal<\/a>, avalia\u00e7\u00e3o da fala, medidas de imit\u00e2ncia ac\u00fastica e outros exames conforme a indica\u00e7\u00e3o cl\u00ednica.<\/p>\n\n\n\n<p class=\"wp-block-paragraph\">Depois dessa etapa, o fonoaudi\u00f3logo ou audiologista pode selecionar testes que investiguem diferentes habilidades auditivas.<\/p>\n\n\n\n<p class=\"wp-block-paragraph\"><strong>Entre as possibilidades est\u00e3o:<\/strong><\/p>\n\n\n\n<ul class=\"wp-block-list\">\n<li>Testes de discrimina\u00e7\u00e3o auditiva;<\/li>\n\n\n\n<li>Testes de processamento temporal;<\/li>\n\n\n\n<li>Testes de escuta dic\u00f3tica;<\/li>\n\n\n\n<li>Testes de fala com ru\u00eddo;<\/li>\n\n\n\n<li>Testes com fala degradada;<\/li>\n\n\n\n<li>Avalia\u00e7\u00e3o de integra\u00e7\u00e3o binaural;<\/li>\n\n\n\n<li>Avalia\u00e7\u00e3o de separa\u00e7\u00e3o binaural;<\/li>\n\n\n\n<li>Testes relacionados \u00e0 localiza\u00e7\u00e3o e lateraliza\u00e7\u00e3o sonora;<\/li>\n\n\n\n<li>Testes de reconhecimento de padr\u00f5es auditivos.<\/li>\n<\/ul>\n\n\n\n<p class=\"wp-block-paragraph\">A bateria n\u00e3o deve ser igual para todos os pacientes. A sele\u00e7\u00e3o depende das caracter\u00edsticas individuais e dos objetivos da avalia\u00e7\u00e3o.<\/p>\n\n\n\n<h2 class=\"wp-block-heading\"><span class=\"ez-toc-section\" id=\"Por_que_o_audiometro_e_importante_nessa_avaliacao\"><\/span><strong>Por que o audi\u00f4metro \u00e9 importante nessa avalia\u00e7\u00e3o?<\/strong><span class=\"ez-toc-section-end\"><\/span><\/h2>\n\n\n\n<p class=\"wp-block-paragraph\">O audi\u00f4metro \u00e9 um dos principais equipamentos para a avalia\u00e7\u00e3o da fun\u00e7\u00e3o auditiva. Sua precis\u00e3o interfere diretamente na qualidade dos est\u00edmulos apresentados durante o exame e, consequentemente, na confiabilidade dos resultados.<\/p>\n\n\n\n<p class=\"wp-block-paragraph\">Em uma investiga\u00e7\u00e3o que exige medidas auditivas precisas, o equipamento precisa oferecer recursos compat\u00edveis com os procedimentos cl\u00ednicos previstos pelo profissional. A qualidade do audi\u00f4metro ganha ainda mais import\u00e2ncia quando o objetivo envolve diferenciar uma altera\u00e7\u00e3o perif\u00e9rica de uma poss\u00edvel dificuldade relacionada ao processamento auditivo.<\/p>\n\n\n\n<p class=\"wp-block-paragraph\">O equipamento n\u00e3o faz o diagn\u00f3stico sozinho. A interpreta\u00e7\u00e3o dos resultados depende do profissional habilitado, do hist\u00f3rico do paciente e da rela\u00e7\u00e3o entre os diferentes achados.<\/p>\n\n\n\n<h2 class=\"wp-block-heading\"><span class=\"ez-toc-section\" id=\"Por_que_a_cabine_audiometrica_interfere_na_qualidade_do_exame\"><\/span><strong>Por que a cabine audiom\u00e9trica interfere na qualidade do exame?<\/strong><span class=\"ez-toc-section-end\"><\/span><\/h2>\n\n\n\n<p class=\"wp-block-paragraph\">O ambiente tamb\u00e9m influencia a qualidade da avalia\u00e7\u00e3o auditiva. Sons externos podem interferir nas respostas do paciente e comprometer a precis\u00e3o dos resultados. Por isso, a estrutura da sala deve oferecer condi\u00e7\u00f5es ac\u00fasticas adequadas, com recursos que contribuam para o controle dos est\u00edmulos apresentados durante o exame. Uma cabine audiom\u00e9trica adequada deve proporcionar:<\/p>\n\n\n\n<ul class=\"wp-block-list\">\n<li><strong>Isolamento dos ru\u00eddos externos<\/strong>, reduzindo interfer\u00eancias durante a avalia\u00e7\u00e3o;<\/li>\n\n\n\n<li><strong>Controle ac\u00fastico do ambiente<\/strong>, favorecendo condi\u00e7\u00f5es mais est\u00e1veis para os testes;<\/li>\n\n\n\n<li><strong>Menor influ\u00eancia de sons externos<\/strong>, evitando altera\u00e7\u00f5es na percep\u00e7\u00e3o dos est\u00edmulos apresentados;<\/li>\n\n\n\n<li><strong>Condi\u00e7\u00f5es apropriadas para exames audiom\u00e9tricos<\/strong>, conforme os requisitos t\u00e9cnicos aplic\u00e1veis;<\/li>\n\n\n\n<li><strong>Mais seguran\u00e7a para a interpreta\u00e7\u00e3o dos resultados<\/strong>, quando associada a equipamentos devidamente verificados e calibrados.<\/li>\n<\/ul>\n\n\n\n<p class=\"wp-block-paragraph\">Por isso, para cl\u00ednicas, consult\u00f3rios e servi\u00e7os de audiologia, a escolha da cabine deve considerar o tipo de exame, as caracter\u00edsticas do espa\u00e7o e as necessidades do atendimento.<\/p>\n\n\n\n<h2 class=\"wp-block-heading\"><span class=\"ez-toc-section\" id=\"O_que_considerar_ao_escolher_um_audiometro_para_avaliacao_auditiva\"><\/span><strong>O que considerar ao escolher um audi\u00f4metro para avalia\u00e7\u00e3o auditiva?<\/strong><span class=\"ez-toc-section-end\"><\/span><\/h2>\n\n\n\n<p class=\"wp-block-paragraph\">Para profissionais que precisam equipar ou atualizar uma sala de audiometria, alguns crit\u00e9rios merecem aten\u00e7\u00e3o.<\/p>\n\n\n\n<p class=\"wp-block-paragraph\">O primeiro \u00e9 verificar se o equipamento atende \u00e0s necessidades cl\u00ednicas do servi\u00e7o. Tamb\u00e9m \u00e9 importante considerar recursos dispon\u00edveis, quantidade de canais, possibilidades de testes, integra\u00e7\u00e3o com sistemas e procedimentos de calibra\u00e7\u00e3o.<\/p>\n\n\n\n<h3 class=\"wp-block-heading\"><span class=\"ez-toc-section\" id=\"Outro_ponto_e_a_ergonomia\"><\/span><strong>Outro ponto \u00e9 a ergonomia!<\/strong><span class=\"ez-toc-section-end\"><\/span><\/h3>\n\n\n\n<p class=\"wp-block-paragraph\">O equipamento precisa oferecer uma opera\u00e7\u00e3o pr\u00e1tica para o profissional, sem comprometer a rotina de atendimento. A confiabilidade do equipamento tamb\u00e9m depende de manuten\u00e7\u00e3o, verifica\u00e7\u00e3o e <a href=\"https:\/\/vibrasom.tec.br\/calibracao-de-audiometros\/\">calibra\u00e7\u00e3o<\/a> conforme as recomenda\u00e7\u00f5es t\u00e9cnicas e regulat\u00f3rias aplic\u00e1veis.<\/p>\n\n\n\n<h2 class=\"wp-block-heading\"><span class=\"ez-toc-section\" id=\"Audiometro_AVS_500_Precisao_para_a_rotina_audiologica\"><\/span><strong>Audi\u00f4metro AVS 500: Precis\u00e3o para a rotina audiol\u00f3gica<\/strong><span class=\"ez-toc-section-end\"><\/span><\/h2>\n\n\n\n<p class=\"wp-block-paragraph\">O <a href=\"https:\/\/vibrasom.tec.br\/audiometro-avs-500\/\"><strong>audi\u00f4metro AVS-500<\/strong><\/a> \u00e9 um equipamento digital de 1,5 canal desenvolvido para profissionais da audiologia que precisam de precis\u00e3o e confiabilidade na rotina cl\u00ednica.<\/p>\n\n\n\n<p class=\"wp-block-paragraph\">Fabricado no Brasil pela Vibrasom, o equipamento possui Registro ANVISA n\u00ba 80205819001. Seu design compacto favorece uma opera\u00e7\u00e3o simples, com recursos voltados para a realiza\u00e7\u00e3o dos exames audiom\u00e9tricos.<\/p>\n\n\n\n<p class=\"wp-block-paragraph\">Para cl\u00ednicas que procuram um audi\u00f4metro para sua estrutura de atendimento, o AVS-500 re\u00fane recursos digitais e uma proposta voltada \u00e0 praticidade da rotina profissional.<\/p>\n\n\n\n<p class=\"wp-block-paragraph\"><a href=\"https:\/\/vibrasom.tec.br\/audiometro-avs-500\/\"><strong>Conhe\u00e7a o Audi\u00f4metro AVS-500 e solicite um or\u00e7amento<\/strong><\/a><\/p>\n\n\n\n<h2 class=\"wp-block-heading\"><span class=\"ez-toc-section\" id=\"Audiometro_AVS-_800_Recursos_avancados_para_avaliacao_clinica\"><\/span><strong>Audi\u00f4metro AVS- 800: Recursos avan\u00e7ados para avalia\u00e7\u00e3o cl\u00ednica<\/strong><span class=\"ez-toc-section-end\"><\/span><\/h2>\n\n\n\n<p class=\"wp-block-paragraph\">Para servi\u00e7os que precisam de mais recursos e maior flexibilidade de aplica\u00e7\u00e3o, o audi\u00f4metro <a href=\"https:\/\/vibrasom.tec.br\/audiometro-avs-800\/\">AVS-800<\/a> \u00e9 uma alternativa de 2 canais.<\/p>\n\n\n\n<p class=\"wp-block-paragraph\">O equipamento possui gera\u00e7\u00e3o de sinal 100% digital, integra\u00e7\u00e3o com o software Vibrasom e registro dos resultados em tempo real. Entre suas funcionalidades est\u00e3o testes supralimiares, como ABLB, SISI, Stenger e Tone Decay, al\u00e9m de recursos multifrequ\u00eancia e dois canais independentes.<\/p>\n\n\n\n<p class=\"wp-block-paragraph\">O AVS-800 tamb\u00e9m possui Registro ANVISA n\u00ba 80205819001 e foi desenvolvido para uso cl\u00ednico.<\/p>\n\n\n\n<p class=\"wp-block-paragraph\"><a href=\"https:\/\/vibrasom.tec.br\/audiometro-avs-800\/\"><strong>Conhe\u00e7a o Audi\u00f4metro AVS-800 e solicite um or\u00e7amento<\/strong><\/a><\/p>\n\n\n\n<h2 class=\"wp-block-heading\"><span class=\"ez-toc-section\" id=\"Cabines_audiometricas_da_Vibrasom_Controle_acustico_para_exames_confiaveis\"><\/span><strong>Cabines audiom\u00e9tricas da Vibrasom: Controle ac\u00fastico para exames confi\u00e1veis<\/strong><span class=\"ez-toc-section-end\"><\/span><\/h2>\n\n\n\n<p class=\"wp-block-paragraph\">Uma estrutura adequada para audiometria n\u00e3o depende apenas do equipamento.<\/p>\n\n\n\n<p class=\"wp-block-paragraph\">As <a href=\"https:\/\/vibrasom.tec.br\/cabines-audiometricas\/\"><strong>cabines audiom\u00e9tricas<\/strong><\/a> <strong><\/strong>da Vibrasom s\u00e3o desenvolvidas para oferecer isolamento ac\u00fastico e condi\u00e7\u00f5es apropriadas para exames auditivos. A empresa disponibiliza 13 modelos padronizados, al\u00e9m de op\u00e7\u00f5es de adapta\u00e7\u00e3o conforme as caracter\u00edsticas do espa\u00e7o e da aplica\u00e7\u00e3o cl\u00ednica.<\/p>\n\n\n\n<p class=\"wp-block-paragraph\">A escolha do modelo deve considerar o espa\u00e7o dispon\u00edvel, o tipo de atendimento, o equipamento utilizado e as necessidades do servi\u00e7o.<\/p>\n\n\n\n<p class=\"wp-block-paragraph\">Para profissionais que precisam montar uma nova sala ou substituir uma cabine, a an\u00e1lise do ambiente antes da escolha do modelo pode evitar problemas de instala\u00e7\u00e3o e adequa\u00e7\u00e3o.<\/p>\n\n\n\n<h2 class=\"wp-block-heading\"><span class=\"ez-toc-section\" id=\"Perda_auditiva_central_precisa_de_diagnostico_especializado\"><\/span><strong>Perda auditiva central precisa de diagn\u00f3stico especializado?<\/strong><span class=\"ez-toc-section-end\"><\/span><\/h2>\n\n\n\n<p class=\"wp-block-paragraph\">Sim. A presen\u00e7a de sinais compat\u00edveis com uma altera\u00e7\u00e3o do processamento auditivo n\u00e3o permite concluir, sozinha, que existe uma perda auditiva central.<\/p>\n\n\n\n<p class=\"wp-block-paragraph\">As mesmas queixas podem aparecer em altera\u00e7\u00f5es auditivas perif\u00e9ricas, dificuldades de linguagem, altera\u00e7\u00f5es cognitivas, problemas de aten\u00e7\u00e3o e outras condi\u00e7\u00f5es. Por isso, o diagn\u00f3stico exige avalia\u00e7\u00e3o adequada e, em determinados casos, atua\u00e7\u00e3o multidisciplinar.&nbsp;<\/p>\n\n\n\n<p class=\"wp-block-paragraph\">O ponto principal \u00e9 n\u00e3o ignorar uma diferen\u00e7a persistente entre a capacidade de ouvir sons e a capacidade de compreender o que foi dito. Quando a queixa permanece mesmo ap\u00f3s uma avalia\u00e7\u00e3o auditiva convencional, o profissional pode considerar uma investiga\u00e7\u00e3o mais espec\u00edfica do processamento auditivo.<\/p>\n\n\n\n<h2 class=\"wp-block-heading\"><span class=\"ez-toc-section\" id=\"8_perguntas_comuns_sobre_perda_auditiva_central\"><\/span><strong>8 perguntas comuns sobre perda auditiva central<\/strong><span class=\"ez-toc-section-end\"><\/span><\/h2>\n\n\n\n<h3 class=\"wp-block-heading\"><span class=\"ez-toc-section\" id=\"1_Perda_auditiva_central_e_a_mesma_coisa_que_surdez\"><\/span><strong>1. Perda auditiva central \u00e9 a mesma coisa que surdez?<\/strong><span class=\"ez-toc-section-end\"><\/span><\/h3>\n\n\n\n<p class=\"wp-block-paragraph\">N\u00e3o. A express\u00e3o pode causar confus\u00e3o. Altera\u00e7\u00f5es do processamento auditivo central envolvem a forma como o sistema nervoso recebe, organiza e interpreta informa\u00e7\u00f5es sonoras. Isso \u00e9 diferente de uma perda auditiva perif\u00e9rica, que envolve altera\u00e7\u00f5es nas estruturas respons\u00e1veis pela capta\u00e7\u00e3o e transmiss\u00e3o do som.<\/p>\n\n\n\n<h3 class=\"wp-block-heading\"><span class=\"ez-toc-section\" id=\"2_E_possivel_ter_perda_auditiva_central_com_audiometria_normal\"><\/span><strong>2. \u00c9 poss\u00edvel ter perda auditiva central com audiometria normal?<\/strong><span class=\"ez-toc-section-end\"><\/span><\/h3>\n\n\n\n<p class=\"wp-block-paragraph\">Pode existir dificuldade de processamento auditivo mesmo quando a fun\u00e7\u00e3o auditiva perif\u00e9rica apresenta resultados dentro dos padr\u00f5es esperados. Por isso, uma audiometria convencional normal n\u00e3o necessariamente encerra a investiga\u00e7\u00e3o quando existem queixas persistentes de compreens\u00e3o da fala.<\/p>\n\n\n\n<h3 class=\"wp-block-heading\"><span class=\"ez-toc-section\" id=\"3_Quais_sinais_indicam_que_devo_procurar_uma_avaliacao_especializada\"><\/span><strong>3. Quais sinais indicam que devo procurar uma avalia\u00e7\u00e3o especializada?<\/strong><span class=\"ez-toc-section-end\"><\/span><\/h3>\n\n\n\n<p class=\"wp-block-paragraph\">Dificuldade frequente para compreender fala no ru\u00eddo, necessidade constante de repeti\u00e7\u00e3o, problemas para acompanhar conversas com v\u00e1rias pessoas, dificuldade com fala r\u00e1pida, confus\u00e3o entre sons e dificuldade para localizar fontes sonoras s\u00e3o exemplos de sinais que merecem avalia\u00e7\u00e3o.<\/p>\n\n\n\n<h3 class=\"wp-block-heading\"><span class=\"ez-toc-section\" id=\"4_Qual_profissional_avalia_o_processamento_auditivo_central\"><\/span><strong>4. Qual profissional avalia o processamento auditivo central?<\/strong><span class=\"ez-toc-section-end\"><\/span><\/h3>\n\n\n\n<p class=\"wp-block-paragraph\">A investiga\u00e7\u00e3o \u00e9 realizada por profissional habilitado em audiologia, com forma\u00e7\u00e3o e experi\u00eancia adequadas para esse tipo de avalia\u00e7\u00e3o. Em determinados casos, a an\u00e1lise pode envolver outros profissionais, como fonoaudi\u00f3logos, neurologistas ou especialistas em linguagem e cogni\u00e7\u00e3o.<\/p>\n\n\n\n<h3 class=\"wp-block-heading\"><span class=\"ez-toc-section\" id=\"5_A_audiometria_identifica_sozinha_uma_alteracao_do_processamento_auditivo\"><\/span><strong>5. A audiometria identifica sozinha uma altera\u00e7\u00e3o do processamento auditivo?<\/strong><span class=\"ez-toc-section-end\"><\/span><\/h3>\n\n\n\n<p class=\"wp-block-paragraph\">N\u00e3o necessariamente. A audiometria \u00e9 fundamental para avaliar a audi\u00e7\u00e3o perif\u00e9rica, mas a investiga\u00e7\u00e3o do processamento auditivo central pode exigir uma bateria espec\u00edfica de testes. A sele\u00e7\u00e3o depende do hist\u00f3rico e dos resultados obtidos na avalia\u00e7\u00e3o inicial.<\/p>\n\n\n\n<h3 class=\"wp-block-heading\"><span class=\"ez-toc-section\" id=\"6_Por_que_o_exame_precisa_de_uma_cabine_audiometrica\"><\/span><strong>6. Por que o exame precisa de uma cabine audiom\u00e9trica?<\/strong><span class=\"ez-toc-section-end\"><\/span><\/h3>\n\n\n\n<p class=\"wp-block-paragraph\">A cabine ajuda a controlar a influ\u00eancia dos sons externos sobre o exame. Condi\u00e7\u00f5es ac\u00fasticas inadequadas podem interferir na apresenta\u00e7\u00e3o dos est\u00edmulos e na confiabilidade das respostas. Os requisitos t\u00e9cnicos aplic\u00e1veis ao exame devem orientar a estrutura do ambiente.<\/p>\n\n\n\n<h3 class=\"wp-block-heading\"><span class=\"ez-toc-section\" id=\"7_Qual_audiometro_e_indicado_para_uma_clinica_de_audiologia\"><\/span><strong>7. Qual audi\u00f4metro \u00e9 indicado para uma cl\u00ednica de audiologia?<\/strong><span class=\"ez-toc-section-end\"><\/span><\/h3>\n\n\n\n<p class=\"wp-block-paragraph\">A escolha depende do perfil do servi\u00e7o, dos exames realizados, dos recursos necess\u00e1rios e da estrutura dispon\u00edvel. O AVS-500 atende a uma proposta de audiometria digital de 1,5 canal, enquanto o AVS-800 oferece dois canais e recursos adicionais para uso cl\u00ednico.<\/p>\n\n\n\n<h3 class=\"wp-block-heading\"><span class=\"ez-toc-section\" id=\"8_Quando_investir_em_uma_estrutura_audiologica_mais_completa\"><\/span><strong>8. Quando investir em uma estrutura audiol\u00f3gica mais completa?<\/strong><span class=\"ez-toc-section-end\"><\/span><\/h3>\n\n\n\n<p class=\"wp-block-paragraph\">Se a cl\u00ednica recebe pacientes com queixas auditivas complexas, realiza diferentes tipos de exames ou pretende ampliar sua capacidade de atendimento, vale avaliar o conjunto formado por audi\u00f4metro, cabine audiom\u00e9trica, acess\u00f3rios, software e suporte t\u00e9cnico.<\/p>\n\n\n\n<p class=\"wp-block-paragraph\">Uma estrutura adequada oferece melhores condi\u00e7\u00f5es para o profissional executar os procedimentos previstos e interpretar os resultados com maior seguran\u00e7a.<\/p>\n\n\n\n<p class=\"wp-block-paragraph\">Para cl\u00ednicas que ainda utilizam equipamentos antigos, possuem limita\u00e7\u00f5es de espa\u00e7o ou precisam substituir uma cabine, esse tamb\u00e9m pode ser um momento adequado para revisar a estrutura da sala.<\/p>\n\n\n\n<h2 class=\"wp-block-heading\"><span class=\"ez-toc-section\" id=\"Precisa_de_audiometro_ou_cabine_audiometrica_para_sua_clinica\"><\/span><strong>Precisa de audi\u00f4metro ou cabine audiom\u00e9trica para sua cl\u00ednica?<\/strong><span class=\"ez-toc-section-end\"><\/span><\/h2>\n\n\n\n<p class=\"wp-block-paragraph\">Uma avalia\u00e7\u00e3o auditiva de qualidade come\u00e7a com equipamentos compat\u00edveis com a aplica\u00e7\u00e3o cl\u00ednica e um ambiente preparado para reduzir interfer\u00eancias externas.<\/p>\n\n\n\n<p class=\"wp-block-paragraph\">A Vibrasom oferece audi\u00f4metros digitais <strong>e<\/strong> cabines audiom\u00e9tricas para profissionais e servi\u00e7os que precisam estruturar ou modernizar seus ambientes de avalia\u00e7\u00e3o auditiva. Entre as op\u00e7\u00f5es est\u00e3o os modelos AVS-500 e AVS-800, al\u00e9m de diferentes modelos de cabines para necessidades espec\u00edficas de espa\u00e7o e aplica\u00e7\u00e3o.<\/p>\n\n\n\n<p class=\"wp-block-paragraph\">Se sua cl\u00ednica precisa de um novo audi\u00f4metro, uma cabine audiom\u00e9trica ou uma solu\u00e7\u00e3o completa para a sala de audiometria, fale agora mesmo com a nossa equipe&nbsp; e solicite uma orienta\u00e7\u00e3o comercial.<\/p>\n\n\n\n<p class=\"wp-block-paragraph\"><a href=\"https:\/\/vibrasom.tec.br\/contato\/\"><strong>[Solicite aqui o seu or\u00e7amento]<\/strong><\/a><\/p>\n\n\n\n<h3 class=\"wp-block-heading\"><span class=\"ez-toc-section\" id=\"VIBRASOM_TECNOLOGIA_ACUSTICA\"><\/span><strong>VIBRASOM TECNOLOGIA AC\u00daSTICA<\/strong><span class=\"ez-toc-section-end\"><\/span><\/h3>\n\n\n\n<p class=\"wp-block-paragraph\">11 3506 &#8211; 5087<\/p>\n\n\n\n<p class=\"wp-block-paragraph\">11 9 9967 6973 &#8211; Ac\u00fastica<\/p>\n\n\n\n<p class=\"wp-block-paragraph\">11 9 7107 4218 &#8211; Audiologia<\/p>\n\n\n\n<p class=\"wp-block-paragraph\">E-mail: <a href=\"mailto:vibrasom@vibrasom.ind.br\">vibrasom@vibrasom.tec.br<\/a><\/p>\n\n\n\n<p class=\"wp-block-paragraph\"><strong>Siga nosso Instagram!<\/strong><\/p>\n\n\n\n<p class=\"wp-block-paragraph\"><a href=\"https:\/\/www.instagram.com\/vibrasom\/\" target=\"_blank\" rel=\"noopener\"><strong>Vibrasom<\/strong><\/a><\/p>\n\n\n\n<p class=\"wp-block-paragraph\"><\/p>\n","protected":false},"excerpt":{"rendered":"<p>A perda auditiva central est\u00e1 relacionada \u00e0 dificuldade do sistema nervoso em processar e interpretar os sons, mesmo quando a capacidade de captar os est\u00edmulos pelo ouvido pode estar preservada. O que isso significa? A pessoa pode ouvir que algu\u00e9m falou, mas ter dificuldade para compreender a mensagem, principalmente em ambientes com ru\u00eddo. Neste artigo,&hellip;&nbsp;<\/p>\n","protected":false},"author":1,"featured_media":1835,"comment_status":"open","ping_status":"open","sticky":false,"template":"","format":"standard","meta":{"neve_meta_sidebar":"","neve_meta_container":"","neve_meta_enable_content_width":"","neve_meta_content_width":0,"neve_meta_title_alignment":"","neve_meta_author_avatar":"","neve_post_elements_order":"","neve_meta_disable_header":"","neve_meta_disable_footer":"","neve_meta_disable_title":"","footnotes":""},"categories":[136],"tags":[63,24,23,42,222,221,156,77,26,7],"class_list":["post-1833","post","type-post","status-publish","format-standard","has-post-thumbnail","hentry","category-audiologia","tag-audicao","tag-audiologia","tag-audiometria","tag-audiometria-ocupacional","tag-audiometro-avs-500-2","tag-avs-500","tag-avs-800","tag-cabines-audiometricas","tag-fonoaudiologia","tag-vibrasom"],"_links":{"self":[{"href":"https:\/\/vibrasom.tec.br\/blog\/wp-json\/wp\/v2\/posts\/1833","targetHints":{"allow":["GET"]}}],"collection":[{"href":"https:\/\/vibrasom.tec.br\/blog\/wp-json\/wp\/v2\/posts"}],"about":[{"href":"https:\/\/vibrasom.tec.br\/blog\/wp-json\/wp\/v2\/types\/post"}],"author":[{"embeddable":true,"href":"https:\/\/vibrasom.tec.br\/blog\/wp-json\/wp\/v2\/users\/1"}],"replies":[{"embeddable":true,"href":"https:\/\/vibrasom.tec.br\/blog\/wp-json\/wp\/v2\/comments?post=1833"}],"version-history":[{"count":1,"href":"https:\/\/vibrasom.tec.br\/blog\/wp-json\/wp\/v2\/posts\/1833\/revisions"}],"predecessor-version":[{"id":1836,"href":"https:\/\/vibrasom.tec.br\/blog\/wp-json\/wp\/v2\/posts\/1833\/revisions\/1836"}],"wp:featuredmedia":[{"embeddable":true,"href":"https:\/\/vibrasom.tec.br\/blog\/wp-json\/wp\/v2\/media\/1835"}],"wp:attachment":[{"href":"https:\/\/vibrasom.tec.br\/blog\/wp-json\/wp\/v2\/media?parent=1833"}],"wp:term":[{"taxonomy":"category","embeddable":true,"href":"https:\/\/vibrasom.tec.br\/blog\/wp-json\/wp\/v2\/categories?post=1833"},{"taxonomy":"post_tag","embeddable":true,"href":"https:\/\/vibrasom.tec.br\/blog\/wp-json\/wp\/v2\/tags?post=1833"}],"curies":[{"name":"wp","href":"https:\/\/api.w.org\/{rel}","templated":true}]}}